{"id":15429,"date":"2015-08-06T18:27:19","date_gmt":"2015-08-07T00:27:19","guid":{"rendered":"http:\/\/mexicodestinos.com\/?p=15429"},"modified":"2015-08-07T12:32:33","modified_gmt":"2015-08-07T18:32:33","slug":"la-ultima-morada-de-21-grandes-artistas-mexicanos","status":"publish","type":"post","link":"https:\/\/www.mexicodestinos.com\/blog\/la-ultima-morada-de-21-grandes-artistas-mexicanos\/","title":{"rendered":"La \u00faltima morada de 21 Grandes Artistas Mexicanos"},"content":{"rendered":"<p style=\"text-align: justify;\">La primera vez que v\u00ed un cadaver fue a un primo al que le cay\u00f3 un rayo. Seg\u00fan mis t\u00edos estaba en el campo limpiando un terreno con otra persona para sembrar ma\u00edz. Empez\u00f3 a llover y fue a cubrirse bajo un gran \u00e1rbol. Tras un rato de lluvia un rayo parti\u00f3 al \u00e1rbol en dos y mi primo muri\u00f3 fulminado bajo un trueno estruendoso.<\/p>\n<p style=\"text-align: justify;\">Cuando me contaron la historia de su triste e inesperado final, me di cuenta que uno nunca sabe cuando le llegar\u00e1 la hora ni en qu\u00e9 momento, pues ir\u00f3nicamente la muerte es algo que nos acompa\u00f1a toda la vida.<\/p>\n<p style=\"text-align: justify;\">As\u00ed, descubr\u00ed lo que es tambi\u00e9n un pante\u00f3n: fr\u00edas l\u00e1pidas con algunas inscripciones, flores, recuerdos, fechas, vivi\u00f3, muri\u00f3 y cuando preguntaba por curiosidad sobre alguna,\u00a0nunca nadie me supo decir para que <del>chingados<\/del> vivi\u00f3 quien ah\u00ed enterrado estaba.<\/p>\n<p style=\"text-align: justify;\">Por eso, m\u00e1s que atesorar bienes, atesora recuerdos y comparte con la gente que m\u00e1s quieres, dale al mundo\u00a0tu raz\u00f3n de ser y estar aqu\u00ed, <strong>como lo hicieron estos grandes artistas\u00a0mexicanos que reposan en el Pante\u00f3n Jard\u00edn\u00a0de la Ciudad de M\u00e9xico<\/strong>, seguro que m\u00e1s de uno te ha hecho re\u00edr, odiar, suspirar, cantar y hasta llorar:<\/p>\n<p class=\"impact-text\" style=\"text-align: justify;\">1. Germ\u00e1n Valdes &#8220;Tin-T\u00e1n&#8221;.<\/p>\n<p><a href=\"https:\/\/www.mexicodestinos.com\/blog\/wp-content\/uploads\/2015\/08\/Tumba-de-Tin-Tan-Panteon-Jardin-Mexico.jpg\"><img decoding=\"async\" class=\"aligncenter size-full wp-image-15428\" src=\"https:\/\/www.mexicodestinos.com\/blog\/wp-content\/uploads\/2015\/08\/Tumba-de-Tin-Tan-Panteon-Jardin-Mexico.jpg\" alt=\"Tumba de Tin-Tan - Panteon Jardin Mexico\" width=\"540\" height=\"720\" srcset=\"https:\/\/www.mexicodestinos.com\/blog\/wp-content\/uploads\/2015\/08\/Tumba-de-Tin-Tan-Panteon-Jardin-Mexico.jpg 540w, https:\/\/www.mexicodestinos.com\/blog\/wp-content\/uploads\/2015\/08\/Tumba-de-Tin-Tan-Panteon-Jardin-Mexico-150x200.jpg 150w, https:\/\/www.mexicodestinos.com\/blog\/wp-content\/uploads\/2015\/08\/Tumba-de-Tin-Tan-Panteon-Jardin-Mexico-315x420.jpg 315w, https:\/\/www.mexicodestinos.com\/blog\/wp-content\/uploads\/2015\/08\/Tumba-de-Tin-Tan-Panteon-Jardin-Mexico-300x400.jpg 300w\" sizes=\"(max-width: 540px) 100vw, 540px\" \/><\/a><\/p>\n<p style=\"text-align: justify;\"><strong>Germ\u00e1n Gen\u00e1ro Cipriano G\u00f3mez-Vald\u00e9s Castillo<\/strong>, mejor conocido como &#8220;Tin-Tan&#8221;, naci\u00f3 en la Ciudad de M\u00e9xico el 19 de septiembre de 1915 y muri\u00f3 el 29 de junio de 1973 a causa de cirrosis y c\u00e1ncer de p\u00e1ncreas. Fue <strong>uno de los grandes comediantes,<\/strong> cantantes y actores de la \u00e9poca de oro del cine mexicano.<\/p>\n<p class=\"impact-text\">2. Tito Guizar.<\/p>\n<p><a href=\"https:\/\/www.mexicodestinos.com\/blog\/wp-content\/uploads\/2015\/08\/Tito-Guizar-Panteon-Jardin-Mexico.jpg\"><img decoding=\"async\" class=\"aligncenter size-full wp-image-15427\" src=\"https:\/\/www.mexicodestinos.com\/blog\/wp-content\/uploads\/2015\/08\/Tito-Guizar-Panteon-Jardin-Mexico.jpg\" alt=\"Tito Guizar - Panteon Jardin Mexico\" width=\"720\" height=\"540\" srcset=\"https:\/\/www.mexicodestinos.com\/blog\/wp-content\/uploads\/2015\/08\/Tito-Guizar-Panteon-Jardin-Mexico.jpg 720w, https:\/\/www.mexicodestinos.com\/blog\/wp-content\/uploads\/2015\/08\/Tito-Guizar-Panteon-Jardin-Mexico-267x200.jpg 267w, https:\/\/www.mexicodestinos.com\/blog\/wp-content\/uploads\/2015\/08\/Tito-Guizar-Panteon-Jardin-Mexico-560x420.jpg 560w, https:\/\/www.mexicodestinos.com\/blog\/wp-content\/uploads\/2015\/08\/Tito-Guizar-Panteon-Jardin-Mexico-94x70.jpg 94w, https:\/\/www.mexicodestinos.com\/blog\/wp-content\/uploads\/2015\/08\/Tito-Guizar-Panteon-Jardin-Mexico-420x315.jpg 420w, https:\/\/www.mexicodestinos.com\/blog\/wp-content\/uploads\/2015\/08\/Tito-Guizar-Panteon-Jardin-Mexico-640x480.jpg 640w, https:\/\/www.mexicodestinos.com\/blog\/wp-content\/uploads\/2015\/08\/Tito-Guizar-Panteon-Jardin-Mexico-300x225.jpg 300w\" sizes=\"(max-width: 720px) 100vw, 720px\" \/><\/a><\/p>\n<p><b>Federico Arturo Gu\u00edzar Tolentino, <\/b>naci\u00f3 en Guadalajara, Jalisco el 8 de abril de 1908 y muri\u00f3 en San Antonio Texas, un 24 de diciembre de 1999. Fue un c\u00e9lebre actor, considerado <strong>el primer charro del cine mexicano.<\/strong><\/p>\n<p class=\"impact-text\">3. Pepe Jara.<\/p>\n<p class=\"impact-text\"><a href=\"https:\/\/www.mexicodestinos.com\/blog\/wp-content\/uploads\/2015\/08\/Pepe-Jara-Panteon-Jardin-Mexico.jpg\"><img decoding=\"async\" class=\" size-full wp-image-15425 aligncenter\" src=\"https:\/\/www.mexicodestinos.com\/blog\/wp-content\/uploads\/2015\/08\/Pepe-Jara-Panteon-Jardin-Mexico.jpg\" alt=\"Pepe Jara - Panteon Jardin Mexico\" width=\"720\" height=\"540\" srcset=\"https:\/\/www.mexicodestinos.com\/blog\/wp-content\/uploads\/2015\/08\/Pepe-Jara-Panteon-Jardin-Mexico.jpg 720w, https:\/\/www.mexicodestinos.com\/blog\/wp-content\/uploads\/2015\/08\/Pepe-Jara-Panteon-Jardin-Mexico-267x200.jpg 267w, https:\/\/www.mexicodestinos.com\/blog\/wp-content\/uploads\/2015\/08\/Pepe-Jara-Panteon-Jardin-Mexico-560x420.jpg 560w, https:\/\/www.mexicodestinos.com\/blog\/wp-content\/uploads\/2015\/08\/Pepe-Jara-Panteon-Jardin-Mexico-94x70.jpg 94w, https:\/\/www.mexicodestinos.com\/blog\/wp-content\/uploads\/2015\/08\/Pepe-Jara-Panteon-Jardin-Mexico-420x315.jpg 420w, https:\/\/www.mexicodestinos.com\/blog\/wp-content\/uploads\/2015\/08\/Pepe-Jara-Panteon-Jardin-Mexico-640x480.jpg 640w, https:\/\/www.mexicodestinos.com\/blog\/wp-content\/uploads\/2015\/08\/Pepe-Jara-Panteon-Jardin-Mexico-300x225.jpg 300w\" sizes=\"(max-width: 720px) 100vw, 720px\" \/><\/a><\/p>\n<p style=\"text-align: justify;\"><em>&#8220;Yo que fui del amor ave de paso,\u00a0yo que fui mariposa de mil flores, hoy siento la nostalgia de tus brazos, de aquello tus ojazos, de aquellos tus amores..&#8221;.- El Andariego<\/em>. Pepe Jara fue un compositor mexicano que naci\u00f3 en ciudad de Madero, Tamaulipas, un 25 de diciembre de 1928 y muri\u00f3 el 30 de julio del 2005 en la ciudad de M\u00e9xico, fue conocido como <i>El Trovador Solitario.<\/i><\/p>\n<p class=\"impact-text\">4. Luis Perez Meza.<\/p>\n<p style=\"text-align: justify;\"><a href=\"https:\/\/www.mexicodestinos.com\/blog\/wp-content\/uploads\/2015\/08\/Luis-Perez-Meza-Panteon-Jardin-Mexico.jpg\"><img decoding=\"async\" class=\"aligncenter size-full wp-image-15419\" src=\"https:\/\/www.mexicodestinos.com\/blog\/wp-content\/uploads\/2015\/08\/Luis-Perez-Meza-Panteon-Jardin-Mexico.jpg\" alt=\"Luis Perez Meza - Panteon Jardin Mexico\" width=\"720\" height=\"540\" srcset=\"https:\/\/www.mexicodestinos.com\/blog\/wp-content\/uploads\/2015\/08\/Luis-Perez-Meza-Panteon-Jardin-Mexico.jpg 720w, https:\/\/www.mexicodestinos.com\/blog\/wp-content\/uploads\/2015\/08\/Luis-Perez-Meza-Panteon-Jardin-Mexico-267x200.jpg 267w, https:\/\/www.mexicodestinos.com\/blog\/wp-content\/uploads\/2015\/08\/Luis-Perez-Meza-Panteon-Jardin-Mexico-560x420.jpg 560w, https:\/\/www.mexicodestinos.com\/blog\/wp-content\/uploads\/2015\/08\/Luis-Perez-Meza-Panteon-Jardin-Mexico-94x70.jpg 94w, https:\/\/www.mexicodestinos.com\/blog\/wp-content\/uploads\/2015\/08\/Luis-Perez-Meza-Panteon-Jardin-Mexico-420x315.jpg 420w, https:\/\/www.mexicodestinos.com\/blog\/wp-content\/uploads\/2015\/08\/Luis-Perez-Meza-Panteon-Jardin-Mexico-640x480.jpg 640w, https:\/\/www.mexicodestinos.com\/blog\/wp-content\/uploads\/2015\/08\/Luis-Perez-Meza-Panteon-Jardin-Mexico-300x225.jpg 300w\" sizes=\"(max-width: 720px) 100vw, 720px\" \/><\/a><\/p>\n<p style=\"text-align: justify;\"><strong>\u00bfTe gusta la m\u00fasica de Banda?<\/strong>, pues agradece a Luis P\u00e9rez Meza, quien fuera mejor conocido como &#8220;El Trovador del Campo&#8221;, fue cantante, compositor,\u00a0folklorista, pionero en la grabaci\u00f3n y difusi\u00f3n de la Banda sinaloense. Naci\u00f3 en Cosal\u00e1, Sinaloa en 1917 y muri\u00f3 en Guasave Sinaloa el 9 de junio de 1981.<\/p>\n<p class=\"impact-text\" style=\"text-align: justify;\">5. Manolo F\u00e1bregas.<\/p>\n<p class=\"impact-text\"><a href=\"https:\/\/www.mexicodestinos.com\/blog\/wp-content\/uploads\/2015\/08\/Manolo-F\u00e1bregas-Panteon-Jardin-Mexico.jpg\"><img decoding=\"async\" class=\"aligncenter size-full wp-image-15420\" src=\"https:\/\/www.mexicodestinos.com\/blog\/wp-content\/uploads\/2015\/08\/Manolo-F\u00e1bregas-Panteon-Jardin-Mexico.jpg\" alt=\"Manolo F\u00e1bregas - Panteon Jardin Mexico\" width=\"720\" height=\"540\" srcset=\"https:\/\/www.mexicodestinos.com\/blog\/wp-content\/uploads\/2015\/08\/Manolo-F\u00e1bregas-Panteon-Jardin-Mexico.jpg 720w, https:\/\/www.mexicodestinos.com\/blog\/wp-content\/uploads\/2015\/08\/Manolo-F\u00e1bregas-Panteon-Jardin-Mexico-267x200.jpg 267w, https:\/\/www.mexicodestinos.com\/blog\/wp-content\/uploads\/2015\/08\/Manolo-F\u00e1bregas-Panteon-Jardin-Mexico-560x420.jpg 560w, https:\/\/www.mexicodestinos.com\/blog\/wp-content\/uploads\/2015\/08\/Manolo-F\u00e1bregas-Panteon-Jardin-Mexico-94x70.jpg 94w, https:\/\/www.mexicodestinos.com\/blog\/wp-content\/uploads\/2015\/08\/Manolo-F\u00e1bregas-Panteon-Jardin-Mexico-420x315.jpg 420w, https:\/\/www.mexicodestinos.com\/blog\/wp-content\/uploads\/2015\/08\/Manolo-F\u00e1bregas-Panteon-Jardin-Mexico-640x480.jpg 640w, https:\/\/www.mexicodestinos.com\/blog\/wp-content\/uploads\/2015\/08\/Manolo-F\u00e1bregas-Panteon-Jardin-Mexico-300x225.jpg 300w\" sizes=\"(max-width: 720px) 100vw, 720px\" \/><\/a><\/p>\n<p style=\"text-align: justify;\">Manuel S\u00e1nchez-Navarro, mejor conocido como Manolo F\u00e1bregas, naci\u00f3 en Vigo, Pontevedra un 15 de julio de 1921, y aunque no es mexicano de nacimiento,<strong> gran parte de su trayectoria art\u00edstica la hizo en la Ciudad de M\u00e9xico<\/strong>. Se le recuerda como<strong> uno de los mejores actores de teatro de todos los tiempos<\/strong>, hizo varias pel\u00edculas y adem\u00e1s fue\u00a0director y productor teatral.<\/p>\n<p class=\"impact-text\">6. Pedro Armend\u00e1riz.<\/p>\n<p class=\"impact-text\"><a href=\"https:\/\/www.mexicodestinos.com\/blog\/wp-content\/uploads\/2015\/08\/Pedro-Armendariz-Panteon-Jardin-Mexico.jpg\"><img decoding=\"async\" class=\"aligncenter size-full wp-image-15423\" src=\"https:\/\/www.mexicodestinos.com\/blog\/wp-content\/uploads\/2015\/08\/Pedro-Armendariz-Panteon-Jardin-Mexico.jpg\" alt=\"Pedro Armendariz - Panteon Jardin Mexico\" width=\"720\" height=\"540\" srcset=\"https:\/\/www.mexicodestinos.com\/blog\/wp-content\/uploads\/2015\/08\/Pedro-Armendariz-Panteon-Jardin-Mexico.jpg 720w, https:\/\/www.mexicodestinos.com\/blog\/wp-content\/uploads\/2015\/08\/Pedro-Armendariz-Panteon-Jardin-Mexico-267x200.jpg 267w, https:\/\/www.mexicodestinos.com\/blog\/wp-content\/uploads\/2015\/08\/Pedro-Armendariz-Panteon-Jardin-Mexico-560x420.jpg 560w, https:\/\/www.mexicodestinos.com\/blog\/wp-content\/uploads\/2015\/08\/Pedro-Armendariz-Panteon-Jardin-Mexico-94x70.jpg 94w, https:\/\/www.mexicodestinos.com\/blog\/wp-content\/uploads\/2015\/08\/Pedro-Armendariz-Panteon-Jardin-Mexico-420x315.jpg 420w, https:\/\/www.mexicodestinos.com\/blog\/wp-content\/uploads\/2015\/08\/Pedro-Armendariz-Panteon-Jardin-Mexico-640x480.jpg 640w, https:\/\/www.mexicodestinos.com\/blog\/wp-content\/uploads\/2015\/08\/Pedro-Armendariz-Panteon-Jardin-Mexico-300x225.jpg 300w\" sizes=\"(max-width: 720px) 100vw, 720px\" \/><\/a><\/p>\n<p style=\"text-align: justify;\">Pedro Gregorio Armend\u00e1riz Hastings, naci\u00f3 en la Ciudad de M\u00e9xico un 9 de mayo de 1912. Es <strong>uno de los grandes actores de la \u00e9poca de oro del cine mexicano<\/strong>, lleg\u00f3 a Hollywood y es\u00a0padre de Pedro Armend\u00e1riz Jr. Su descubrimiento fue gracias a Miguel Zacar\u00edas, cuando recitaba un fragmento de Hamlet a una turista en las calles de la Ciudad de M\u00e9xico. Muri\u00f3 el 18 de junio de 1963, despu\u00e9s de filmar la segunda pel\u00edcula de la Serie de James Bond, junto con Sean Connery.<\/p>\n<p class=\"impact-text\">7. Oscar Ortiz de Pinedo.<\/p>\n<p class=\"impact-text\"><a href=\"https:\/\/www.mexicodestinos.com\/blog\/wp-content\/uploads\/2015\/08\/Oscar-Ortiz-de-Pinedo-Panteon-Jardin-Mexico.jpg\"><img decoding=\"async\" class=\"aligncenter size-full wp-image-15422\" src=\"https:\/\/www.mexicodestinos.com\/blog\/wp-content\/uploads\/2015\/08\/Oscar-Ortiz-de-Pinedo-Panteon-Jardin-Mexico.jpg\" alt=\"Oscar Ortiz de Pinedo - Panteon Jardin Mexico\" width=\"540\" height=\"720\" srcset=\"https:\/\/www.mexicodestinos.com\/blog\/wp-content\/uploads\/2015\/08\/Oscar-Ortiz-de-Pinedo-Panteon-Jardin-Mexico.jpg 540w, https:\/\/www.mexicodestinos.com\/blog\/wp-content\/uploads\/2015\/08\/Oscar-Ortiz-de-Pinedo-Panteon-Jardin-Mexico-150x200.jpg 150w, https:\/\/www.mexicodestinos.com\/blog\/wp-content\/uploads\/2015\/08\/Oscar-Ortiz-de-Pinedo-Panteon-Jardin-Mexico-315x420.jpg 315w, https:\/\/www.mexicodestinos.com\/blog\/wp-content\/uploads\/2015\/08\/Oscar-Ortiz-de-Pinedo-Panteon-Jardin-Mexico-300x400.jpg 300w\" sizes=\"(max-width: 540px) 100vw, 540px\" \/><\/a><\/p>\n<p style=\"text-align: justify;\">Oscar Ortiz Carreras, mejor conocido como \u00d3scar Ortiz de Pinedo fue un cubano de coraz\u00f3n Mexicano. Naci\u00f3 en La Habana, Cuba un 2 de noviembre de 1910. Padre del\u00a0actor Jorge Ortiz de Pinedo. Se le recuerda por su <strong>participaci\u00f3n en gran cantidad de\u00a0pel\u00edculas durante la \u00e9poca de oro del cine mexicano<\/strong>. Falleci\u00f3 el 13 de diciembre de 1978 en la Ciudad de M\u00e9xico.<\/p>\n<p class=\"impact-text\">8. Marcelo Ch\u00e1vez.<\/p>\n<p class=\"impact-text\"><a href=\"https:\/\/www.mexicodestinos.com\/blog\/wp-content\/uploads\/2015\/08\/Marcelo-Chavez-Panteon-Jardin-Mexico.jpg\"><img decoding=\"async\" class=\"aligncenter size-full wp-image-15421\" src=\"https:\/\/www.mexicodestinos.com\/blog\/wp-content\/uploads\/2015\/08\/Marcelo-Chavez-Panteon-Jardin-Mexico.jpg\" alt=\"Marcelo Chavez - Panteon Jardin Mexico\" width=\"720\" height=\"540\" srcset=\"https:\/\/www.mexicodestinos.com\/blog\/wp-content\/uploads\/2015\/08\/Marcelo-Chavez-Panteon-Jardin-Mexico.jpg 720w, https:\/\/www.mexicodestinos.com\/blog\/wp-content\/uploads\/2015\/08\/Marcelo-Chavez-Panteon-Jardin-Mexico-267x200.jpg 267w, https:\/\/www.mexicodestinos.com\/blog\/wp-content\/uploads\/2015\/08\/Marcelo-Chavez-Panteon-Jardin-Mexico-560x420.jpg 560w, https:\/\/www.mexicodestinos.com\/blog\/wp-content\/uploads\/2015\/08\/Marcelo-Chavez-Panteon-Jardin-Mexico-94x70.jpg 94w, https:\/\/www.mexicodestinos.com\/blog\/wp-content\/uploads\/2015\/08\/Marcelo-Chavez-Panteon-Jardin-Mexico-420x315.jpg 420w, https:\/\/www.mexicodestinos.com\/blog\/wp-content\/uploads\/2015\/08\/Marcelo-Chavez-Panteon-Jardin-Mexico-640x480.jpg 640w, https:\/\/www.mexicodestinos.com\/blog\/wp-content\/uploads\/2015\/08\/Marcelo-Chavez-Panteon-Jardin-Mexico-300x225.jpg 300w\" sizes=\"(max-width: 720px) 100vw, 720px\" \/><\/a><\/p>\n<p style=\"text-align: justify;\">Marcelo Ch\u00e1vez, naci\u00f3 en Tampico Alto, Veracruz un 13 de marzo de 1911, <strong>&#8220;Carnal&#8221; de Tin-Tan<\/strong> en varias pel\u00edculas de la\u00a0\u00e9poca de oro del cine mexicano, fue un gran actor y comediante. Descansa en paz desde el\u00a014 de febrero de 1970.<\/p>\n<p class=\"impact-text\">9. Luis Alcaraz.<\/p>\n<p class=\"impact-text\"><a href=\"https:\/\/www.mexicodestinos.com\/blog\/wp-content\/uploads\/2015\/08\/Luis-Alcaraz-Panteon-Jardin-Mexico.jpg\"><img decoding=\"async\" class=\"aligncenter size-full wp-image-15418\" src=\"https:\/\/www.mexicodestinos.com\/blog\/wp-content\/uploads\/2015\/08\/Luis-Alcaraz-Panteon-Jardin-Mexico.jpg\" alt=\"Luis Alcaraz - Panteon Jardin Mexico\" width=\"720\" height=\"540\" srcset=\"https:\/\/www.mexicodestinos.com\/blog\/wp-content\/uploads\/2015\/08\/Luis-Alcaraz-Panteon-Jardin-Mexico.jpg 720w, https:\/\/www.mexicodestinos.com\/blog\/wp-content\/uploads\/2015\/08\/Luis-Alcaraz-Panteon-Jardin-Mexico-267x200.jpg 267w, https:\/\/www.mexicodestinos.com\/blog\/wp-content\/uploads\/2015\/08\/Luis-Alcaraz-Panteon-Jardin-Mexico-560x420.jpg 560w, https:\/\/www.mexicodestinos.com\/blog\/wp-content\/uploads\/2015\/08\/Luis-Alcaraz-Panteon-Jardin-Mexico-94x70.jpg 94w, https:\/\/www.mexicodestinos.com\/blog\/wp-content\/uploads\/2015\/08\/Luis-Alcaraz-Panteon-Jardin-Mexico-420x315.jpg 420w, https:\/\/www.mexicodestinos.com\/blog\/wp-content\/uploads\/2015\/08\/Luis-Alcaraz-Panteon-Jardin-Mexico-640x480.jpg 640w, https:\/\/www.mexicodestinos.com\/blog\/wp-content\/uploads\/2015\/08\/Luis-Alcaraz-Panteon-Jardin-Mexico-300x225.jpg 300w\" sizes=\"(max-width: 720px) 100vw, 720px\" \/><\/a><\/p>\n<p style=\"text-align: justify;\">Luis Arcaraz Torr\u00e1s,\u00a0naci\u00f3 en la Ciudad de M\u00e9xico\u00a0el\u00a05 de diciembre de 1910. Fue un compositor,<strong> promotor del bolero, la m\u00fasica rom\u00e1ntica mexicana,<\/strong>\u00a0director de orquesta y una de las figuras m\u00e1s populares de la XEW en su tiempo. Sus canciones fueron grabadas por personalidades\u00a0Jorge Negrete.\u00a0Falleci\u00f3 en un accidente\u00a0automovil\u00edstico, el 1 de junio de 1963 en San Luis Potos\u00ed.<\/p>\n<p class=\"impact-text\" style=\"text-align: justify;\">10. Jose Elias Moreno.<\/p>\n<p style=\"text-align: justify;\"><a href=\"https:\/\/www.mexicodestinos.com\/blog\/wp-content\/uploads\/2015\/08\/Jose-Elias-Moreno-Panteon-Jardin-Mexico.jpg\"><img decoding=\"async\" class=\"aligncenter size-full wp-image-15416\" src=\"https:\/\/www.mexicodestinos.com\/blog\/wp-content\/uploads\/2015\/08\/Jose-Elias-Moreno-Panteon-Jardin-Mexico.jpg\" alt=\"Jose Elias Moreno - Panteon Jardin Mexico\" width=\"720\" height=\"540\" srcset=\"https:\/\/www.mexicodestinos.com\/blog\/wp-content\/uploads\/2015\/08\/Jose-Elias-Moreno-Panteon-Jardin-Mexico.jpg 720w, https:\/\/www.mexicodestinos.com\/blog\/wp-content\/uploads\/2015\/08\/Jose-Elias-Moreno-Panteon-Jardin-Mexico-267x200.jpg 267w, https:\/\/www.mexicodestinos.com\/blog\/wp-content\/uploads\/2015\/08\/Jose-Elias-Moreno-Panteon-Jardin-Mexico-560x420.jpg 560w, https:\/\/www.mexicodestinos.com\/blog\/wp-content\/uploads\/2015\/08\/Jose-Elias-Moreno-Panteon-Jardin-Mexico-94x70.jpg 94w, https:\/\/www.mexicodestinos.com\/blog\/wp-content\/uploads\/2015\/08\/Jose-Elias-Moreno-Panteon-Jardin-Mexico-420x315.jpg 420w, https:\/\/www.mexicodestinos.com\/blog\/wp-content\/uploads\/2015\/08\/Jose-Elias-Moreno-Panteon-Jardin-Mexico-640x480.jpg 640w, https:\/\/www.mexicodestinos.com\/blog\/wp-content\/uploads\/2015\/08\/Jose-Elias-Moreno-Panteon-Jardin-Mexico-300x225.jpg 300w\" sizes=\"(max-width: 720px) 100vw, 720px\" \/><\/a><\/p>\n<p style=\"text-align: justify;\">Jos\u00e9 El\u00edas Moreno naci\u00f3 en Uni\u00f3n de San Antonio, Jalisco un 12 de noviembre de 1910.\u00a0Es considerado<strong>\u00a0uno de los grandes actores del cine Mexicano debido a su versatilidad, carisma y presencia esc\u00e9nica<\/strong>. Actu\u00f3 en papeles estelares como villano, charro mexicano, padre de familia,\u00a0profesor e incluso\u00a0de Santa Claus. Descansa en Paz desde el 15 de julio de 1969.<\/p>\n<p class=\"impact-text\" style=\"text-align: justify;\">11. Jorge Negrete.<\/p>\n<p><a href=\"https:\/\/www.mexicodestinos.com\/blog\/wp-content\/uploads\/2015\/08\/Jorge-Negrete-Panteon-Jardin-Mexico.jpg\"><img decoding=\"async\" class=\"aligncenter size-full wp-image-15415\" src=\"https:\/\/www.mexicodestinos.com\/blog\/wp-content\/uploads\/2015\/08\/Jorge-Negrete-Panteon-Jardin-Mexico.jpg\" alt=\"Jorge Negrete - Panteon Jardin Mexico\" width=\"400\" height=\"600\" srcset=\"https:\/\/www.mexicodestinos.com\/blog\/wp-content\/uploads\/2015\/08\/Jorge-Negrete-Panteon-Jardin-Mexico.jpg 400w, https:\/\/www.mexicodestinos.com\/blog\/wp-content\/uploads\/2015\/08\/Jorge-Negrete-Panteon-Jardin-Mexico-133x200.jpg 133w, https:\/\/www.mexicodestinos.com\/blog\/wp-content\/uploads\/2015\/08\/Jorge-Negrete-Panteon-Jardin-Mexico-280x420.jpg 280w, https:\/\/www.mexicodestinos.com\/blog\/wp-content\/uploads\/2015\/08\/Jorge-Negrete-Panteon-Jardin-Mexico-300x450.jpg 300w\" sizes=\"(max-width: 400px) 100vw, 400px\" \/><\/a><\/p>\n<p style=\"text-align: justify;\"><strong>Jorge Alberto Negrete Moreno, <\/strong>naci\u00f3 en Guanajuato, Guanajuato, el 30 de noviembre de 1911, fue de los actores emblem\u00e1ticos de la \u00e9poca de oro del cine mexicano. La imagen del charro mexicano, alegre y temerario que el representaba fue conocida en toda Iberoam\u00e9rica. Falleci\u00f3 en Los\u00a0\u00c1ngeles, California, el 5 de diciembre de 1953.<\/p>\n<p class=\"impact-text\">12. Joaqu\u00edn Pardav\u00e9.<\/p>\n<p><a href=\"https:\/\/www.mexicodestinos.com\/blog\/wp-content\/uploads\/2015\/08\/Joaquin-Pardave-Panteon-Jardin-Mexico.jpg\"><img decoding=\"async\" class=\"aligncenter size-full wp-image-15414\" src=\"https:\/\/www.mexicodestinos.com\/blog\/wp-content\/uploads\/2015\/08\/Joaquin-Pardave-Panteon-Jardin-Mexico.jpg\" alt=\"Joaquin Pardave  - Panteon Jardin Mexico\" width=\"540\" height=\"720\" srcset=\"https:\/\/www.mexicodestinos.com\/blog\/wp-content\/uploads\/2015\/08\/Joaquin-Pardave-Panteon-Jardin-Mexico.jpg 540w, https:\/\/www.mexicodestinos.com\/blog\/wp-content\/uploads\/2015\/08\/Joaquin-Pardave-Panteon-Jardin-Mexico-150x200.jpg 150w, https:\/\/www.mexicodestinos.com\/blog\/wp-content\/uploads\/2015\/08\/Joaquin-Pardave-Panteon-Jardin-Mexico-315x420.jpg 315w, https:\/\/www.mexicodestinos.com\/blog\/wp-content\/uploads\/2015\/08\/Joaquin-Pardave-Panteon-Jardin-Mexico-300x400.jpg 300w\" sizes=\"(max-width: 540px) 100vw, 540px\" \/><\/a><\/p>\n<p style=\"text-align: justify;\">Joaqu\u00edn Pardav\u00e9 Arce, naci\u00f3 el 30 de Septiembre de 1900 en P\u00e9njamo, Guanajuato. Fue director, comediante y guionista, pero <strong>su trabajo como actor era siempre admirable<\/strong>.\u00a0Se dice que padec\u00eda ataques catal\u00e9pticos y en uno de esos ataques su\u00a0m\u00e9dico determin\u00f3 que hab\u00eda fallecido por lo que procedieron a enterrarlo. Despu\u00e9s, <strong>una leyenda<\/strong> dice que Joaqu\u00edn Pardav\u00e9 fue enterrado con todo y testamento, otros dicen que con un billete de loter\u00eda premiado, as\u00ed que tuvieron que exhumar su cuerpo y al abrir el ata\u00fad se encontraron con una escena escalofriante. El actor estaba boca abajo, con la cara rasgada, manchada de sangre y apoy\u00e1ndose para tratar de abrirse paso entre la tierra y salir de la tumba que lo atrapaba. Su familia hace pocos a\u00f1os desminti\u00f3 cualquier versi\u00f3n, pues afirman que muri\u00f3\u00a0debido a un\u00a0derrame cerebral el 20 de julio de 1955.<\/p>\n<p class=\"impact-text\" style=\"text-align: justify;\">13. Javier Solis.<\/p>\n<p class=\"impact-text\"><a href=\"https:\/\/www.mexicodestinos.com\/blog\/wp-content\/uploads\/2015\/08\/Javier-Solis-Panteon-Jardin-Mexico.jpg\"><img decoding=\"async\" class=\"aligncenter size-full wp-image-15413\" src=\"https:\/\/www.mexicodestinos.com\/blog\/wp-content\/uploads\/2015\/08\/Javier-Solis-Panteon-Jardin-Mexico.jpg\" alt=\"Javier Solis - Panteon Jardin Mexico\" width=\"720\" height=\"540\" srcset=\"https:\/\/www.mexicodestinos.com\/blog\/wp-content\/uploads\/2015\/08\/Javier-Solis-Panteon-Jardin-Mexico.jpg 720w, https:\/\/www.mexicodestinos.com\/blog\/wp-content\/uploads\/2015\/08\/Javier-Solis-Panteon-Jardin-Mexico-267x200.jpg 267w, https:\/\/www.mexicodestinos.com\/blog\/wp-content\/uploads\/2015\/08\/Javier-Solis-Panteon-Jardin-Mexico-560x420.jpg 560w, https:\/\/www.mexicodestinos.com\/blog\/wp-content\/uploads\/2015\/08\/Javier-Solis-Panteon-Jardin-Mexico-94x70.jpg 94w, https:\/\/www.mexicodestinos.com\/blog\/wp-content\/uploads\/2015\/08\/Javier-Solis-Panteon-Jardin-Mexico-420x315.jpg 420w, https:\/\/www.mexicodestinos.com\/blog\/wp-content\/uploads\/2015\/08\/Javier-Solis-Panteon-Jardin-Mexico-640x480.jpg 640w, https:\/\/www.mexicodestinos.com\/blog\/wp-content\/uploads\/2015\/08\/Javier-Solis-Panteon-Jardin-Mexico-300x225.jpg 300w\" sizes=\"(max-width: 720px) 100vw, 720px\" \/><\/a><\/p>\n<p style=\"text-align: justify;\">Gabriel Siria Levario mejor conocido como Javier Sol\u00eds, naci\u00f3 en la Ciudad de M\u00e9xico\u00a0el\u00a01 de septiembre de 1931. Fue un famoso actor y cantante mexicano\u00a0conocido como el<strong>\u00a0Rey del Bolero Ranchero<\/strong>. Desde peque\u00f1o se interes\u00f3 en la m\u00fasica, pero tuvo que trabajar al fallecer su madre adoptiva como\u00a0panadero, carnicero y cargador entre otros oficios. Cuando era carnicero su jefe\u00a0David Lara R\u00edos, decidi\u00f3 pagarle clases de canto, pues ya hab\u00eda visto en el ciertas virtudes y gracias a su talento se convirti\u00f3 en toda una leyenda de la m\u00fasica mexicana. Muri\u00f3 muy\u00a0joven en la Ciudad de M\u00e9xico, un 19 de abril de 1966.<\/p>\n<p class=\"impact-text\" style=\"text-align: justify;\">14. Fernando Soto &#8220;Mantequilla&#8221;.<\/p>\n<p class=\"impact-text\"><a href=\"https:\/\/www.mexicodestinos.com\/blog\/wp-content\/uploads\/2015\/08\/Fernando-Soto-Mantequilla-Panteon-Jardin-Mexico.jpg\"><img decoding=\"async\" class=\"aligncenter size-full wp-image-15412\" src=\"https:\/\/www.mexicodestinos.com\/blog\/wp-content\/uploads\/2015\/08\/Fernando-Soto-Mantequilla-Panteon-Jardin-Mexico.jpg\" alt=\"Fernando Soto Mantequilla - Panteon Jardin Mexico\" width=\"540\" height=\"720\" srcset=\"https:\/\/www.mexicodestinos.com\/blog\/wp-content\/uploads\/2015\/08\/Fernando-Soto-Mantequilla-Panteon-Jardin-Mexico.jpg 540w, https:\/\/www.mexicodestinos.com\/blog\/wp-content\/uploads\/2015\/08\/Fernando-Soto-Mantequilla-Panteon-Jardin-Mexico-150x200.jpg 150w, https:\/\/www.mexicodestinos.com\/blog\/wp-content\/uploads\/2015\/08\/Fernando-Soto-Mantequilla-Panteon-Jardin-Mexico-315x420.jpg 315w, https:\/\/www.mexicodestinos.com\/blog\/wp-content\/uploads\/2015\/08\/Fernando-Soto-Mantequilla-Panteon-Jardin-Mexico-300x400.jpg 300w\" sizes=\"(max-width: 540px) 100vw, 540px\" \/><\/a><\/p>\n<p style=\"text-align: justify;\">Fernando Soto Astol, naci\u00f3 en Puebla, el 15 de abril de 1911., Fue u<strong>no de los actores c\u00f3micos de reparto m\u00e1s famosos del cine mexicano<\/strong>. &#8220;Mantequilla&#8221; le\u00a0daba ese toque de humor y picard\u00eda a\u00fan cuando la pel\u00edcula tuviera una trama dram\u00e1tica.\u00a0Muri\u00f3 un 11 de mayo de 1980 en la Ciudad de M\u00e9xico.<\/p>\n<p class=\"impact-text\">15. Fernando Soler.<\/p>\n<p class=\"impact-text\"><a href=\"https:\/\/www.mexicodestinos.com\/blog\/wp-content\/uploads\/2015\/08\/Fernando-Soler-Panteon-Jardin-Mexico.jpg\"><img decoding=\"async\" class=\"aligncenter size-full wp-image-15411\" src=\"https:\/\/www.mexicodestinos.com\/blog\/wp-content\/uploads\/2015\/08\/Fernando-Soler-Panteon-Jardin-Mexico.jpg\" alt=\"Fernando Soler - Panteon Jardin Mexico\" width=\"720\" height=\"540\" srcset=\"https:\/\/www.mexicodestinos.com\/blog\/wp-content\/uploads\/2015\/08\/Fernando-Soler-Panteon-Jardin-Mexico.jpg 720w, https:\/\/www.mexicodestinos.com\/blog\/wp-content\/uploads\/2015\/08\/Fernando-Soler-Panteon-Jardin-Mexico-267x200.jpg 267w, https:\/\/www.mexicodestinos.com\/blog\/wp-content\/uploads\/2015\/08\/Fernando-Soler-Panteon-Jardin-Mexico-560x420.jpg 560w, https:\/\/www.mexicodestinos.com\/blog\/wp-content\/uploads\/2015\/08\/Fernando-Soler-Panteon-Jardin-Mexico-94x70.jpg 94w, https:\/\/www.mexicodestinos.com\/blog\/wp-content\/uploads\/2015\/08\/Fernando-Soler-Panteon-Jardin-Mexico-420x315.jpg 420w, https:\/\/www.mexicodestinos.com\/blog\/wp-content\/uploads\/2015\/08\/Fernando-Soler-Panteon-Jardin-Mexico-640x480.jpg 640w, https:\/\/www.mexicodestinos.com\/blog\/wp-content\/uploads\/2015\/08\/Fernando-Soler-Panteon-Jardin-Mexico-300x225.jpg 300w\" sizes=\"(max-width: 720px) 100vw, 720px\" \/><\/a><\/p>\n<p style=\"text-align: justify;\">Fernando D\u00edaz Pav\u00eda, mejor conocido como Fernando Soler, naci\u00f3 un 24 de mayo de 1895 en Saltillo, Coahuila. Fue un actor de cine, productor teatral y director de cine durante la \u00e9poca de oro del cine mexicano. Parte de la dinast\u00eda de Los Hermanos\u00a0Soler, considerados una de las familias m\u00e1s importantes del cine y del teatro\u00a0que ha dado M\u00e9xico.\u00a0Descansa en paz desde el\u00a0 24 de octubre de 1979.<\/p>\n<p class=\"impact-text\">16.\u00a0Carlos Lopez Moctezuma.<\/p>\n<p><a href=\"https:\/\/www.mexicodestinos.com\/blog\/wp-content\/uploads\/2015\/08\/Carlos-Lopez-Moctezuma-Panteon-Jardin-Mexico.jpg\"><img decoding=\"async\" class=\"aligncenter size-full wp-image-15407\" src=\"https:\/\/www.mexicodestinos.com\/blog\/wp-content\/uploads\/2015\/08\/Carlos-Lopez-Moctezuma-Panteon-Jardin-Mexico.jpg\" alt=\"Carlos Lopez Moctezuma - Panteon Jardin Mexico\" width=\"720\" height=\"540\" srcset=\"https:\/\/www.mexicodestinos.com\/blog\/wp-content\/uploads\/2015\/08\/Carlos-Lopez-Moctezuma-Panteon-Jardin-Mexico.jpg 720w, https:\/\/www.mexicodestinos.com\/blog\/wp-content\/uploads\/2015\/08\/Carlos-Lopez-Moctezuma-Panteon-Jardin-Mexico-267x200.jpg 267w, https:\/\/www.mexicodestinos.com\/blog\/wp-content\/uploads\/2015\/08\/Carlos-Lopez-Moctezuma-Panteon-Jardin-Mexico-560x420.jpg 560w, https:\/\/www.mexicodestinos.com\/blog\/wp-content\/uploads\/2015\/08\/Carlos-Lopez-Moctezuma-Panteon-Jardin-Mexico-94x70.jpg 94w, https:\/\/www.mexicodestinos.com\/blog\/wp-content\/uploads\/2015\/08\/Carlos-Lopez-Moctezuma-Panteon-Jardin-Mexico-420x315.jpg 420w, https:\/\/www.mexicodestinos.com\/blog\/wp-content\/uploads\/2015\/08\/Carlos-Lopez-Moctezuma-Panteon-Jardin-Mexico-640x480.jpg 640w, https:\/\/www.mexicodestinos.com\/blog\/wp-content\/uploads\/2015\/08\/Carlos-Lopez-Moctezuma-Panteon-Jardin-Mexico-300x225.jpg 300w\" sizes=\"(max-width: 720px) 100vw, 720px\" \/><\/a><\/p>\n<p style=\"text-align: justify;\">Carlos L\u00f3pez Moctezuma Pineda naci\u00f3 en la Ciudad de M\u00e9xico el 19 de noviembre de 1909. Fue\u00a0<strong>uno de los villanos m\u00e1s famosos del cine mexicano<\/strong>, siempre brillante, con interpretaciones llenas\u00a0de caracter y personalidad.\u00a0Gano el Premio Ariel en varias ocasiones y adem\u00e1s comparti\u00f3 escena con grandes personajes como\u00a0Domingo Soler, Pedro Armend\u00e1riz, Sarita Montiel, Jorge Negrete, Mar\u00eda F\u00e9lix, Cantinflas etc.. Muri\u00f3 en\u00a0\u00a0Aguascalientes, el 14 de julio de 1980.<\/p>\n<p class=\"impact-text\">17. Arturo de C\u00f3rdova.<\/p>\n<p><a href=\"https:\/\/www.mexicodestinos.com\/blog\/wp-content\/uploads\/2015\/08\/Arturo-de-Cordova-Panteon-Jardin-Mexico.jpg\"><img decoding=\"async\" class=\"aligncenter size-full wp-image-15406\" src=\"https:\/\/www.mexicodestinos.com\/blog\/wp-content\/uploads\/2015\/08\/Arturo-de-Cordova-Panteon-Jardin-Mexico.jpg\" alt=\"Arturo de Cordova - Panteon Jardin Mexico\" width=\"540\" height=\"720\" srcset=\"https:\/\/www.mexicodestinos.com\/blog\/wp-content\/uploads\/2015\/08\/Arturo-de-Cordova-Panteon-Jardin-Mexico.jpg 540w, https:\/\/www.mexicodestinos.com\/blog\/wp-content\/uploads\/2015\/08\/Arturo-de-Cordova-Panteon-Jardin-Mexico-150x200.jpg 150w, https:\/\/www.mexicodestinos.com\/blog\/wp-content\/uploads\/2015\/08\/Arturo-de-Cordova-Panteon-Jardin-Mexico-315x420.jpg 315w, https:\/\/www.mexicodestinos.com\/blog\/wp-content\/uploads\/2015\/08\/Arturo-de-Cordova-Panteon-Jardin-Mexico-300x400.jpg 300w\" sizes=\"(max-width: 540px) 100vw, 540px\" \/><\/a><\/p>\n<p style=\"text-align: justify;\"><strong>Arturo Garc\u00eda Rodr\u00edguez <\/strong>naci\u00f3 en M\u00e9rida, Yucat\u00e1n el 7 de mayo de 1907, mejor conocido como Arturo de C\u00f3rdova, fue un actor protagonista de la llamada &#8220;\u00c9poca de Oro del Cine Mexicano&#8221;, film\u00f3 m\u00e1s de cien pel\u00edculas. Ten\u00eda una voz profunda y ligero acento argentino, que lo\u00a0har\u00eda famoso en todas sus interpretaciones. Muri\u00f3 en la\u00a0Ciudad de M\u00e9xico, 3 de noviembre de 1973.<\/p>\n<p class=\"impact-text\">18.\u00a0Andres Soler.<\/p>\n<p><a href=\"https:\/\/www.mexicodestinos.com\/blog\/wp-content\/uploads\/2015\/08\/Andres-Soler-Panteon-Jardin-Mexico.jpg\"><img decoding=\"async\" class=\"aligncenter size-full wp-image-15405\" src=\"https:\/\/www.mexicodestinos.com\/blog\/wp-content\/uploads\/2015\/08\/Andres-Soler-Panteon-Jardin-Mexico.jpg\" alt=\"Andres Soler - Panteon Jardin Mexico\" width=\"720\" height=\"540\" srcset=\"https:\/\/www.mexicodestinos.com\/blog\/wp-content\/uploads\/2015\/08\/Andres-Soler-Panteon-Jardin-Mexico.jpg 720w, https:\/\/www.mexicodestinos.com\/blog\/wp-content\/uploads\/2015\/08\/Andres-Soler-Panteon-Jardin-Mexico-267x200.jpg 267w, https:\/\/www.mexicodestinos.com\/blog\/wp-content\/uploads\/2015\/08\/Andres-Soler-Panteon-Jardin-Mexico-560x420.jpg 560w, https:\/\/www.mexicodestinos.com\/blog\/wp-content\/uploads\/2015\/08\/Andres-Soler-Panteon-Jardin-Mexico-94x70.jpg 94w, https:\/\/www.mexicodestinos.com\/blog\/wp-content\/uploads\/2015\/08\/Andres-Soler-Panteon-Jardin-Mexico-420x315.jpg 420w, https:\/\/www.mexicodestinos.com\/blog\/wp-content\/uploads\/2015\/08\/Andres-Soler-Panteon-Jardin-Mexico-640x480.jpg 640w, https:\/\/www.mexicodestinos.com\/blog\/wp-content\/uploads\/2015\/08\/Andres-Soler-Panteon-Jardin-Mexico-300x225.jpg 300w\" sizes=\"(max-width: 720px) 100vw, 720px\" \/><\/a><\/p>\n<p style=\"text-align: justify;\">Andr\u00e9s Soler naci\u00f3 el\u00a018 de noviembre de 1898, en Saltillo, Coahuila,<strong> actorazo mexicano, miembro de la dinast\u00eda Soler,<\/strong> y trabajo al lado de grandes actores\u00a0como Jorge Negrete, Mario Moreno &#8220;Cantinflas&#8221;, Pedro Infante, Germ\u00e1n Vald\u00e9s &#8220;Tin-Tan&#8221;, Mar\u00eda F\u00e9lix, entre otros.\u00a0\u00a0Descansa en paz desde el 29 de julio de 1969 a causa de una embolia cerebral.<\/p>\n<p class=\"impact-text\">19. Alvaro Carillo.<\/p>\n<p><a href=\"https:\/\/www.mexicodestinos.com\/blog\/wp-content\/uploads\/2015\/08\/Alvaro-Carrillo-Panteon-Jardin-Mexico.jpg\"><img decoding=\"async\" class=\"aligncenter size-full wp-image-15404\" src=\"https:\/\/www.mexicodestinos.com\/blog\/wp-content\/uploads\/2015\/08\/Alvaro-Carrillo-Panteon-Jardin-Mexico.jpg\" alt=\"Alvaro Carrillo - Panteon Jardin Mexico\" width=\"720\" height=\"540\" srcset=\"https:\/\/www.mexicodestinos.com\/blog\/wp-content\/uploads\/2015\/08\/Alvaro-Carrillo-Panteon-Jardin-Mexico.jpg 720w, https:\/\/www.mexicodestinos.com\/blog\/wp-content\/uploads\/2015\/08\/Alvaro-Carrillo-Panteon-Jardin-Mexico-267x200.jpg 267w, https:\/\/www.mexicodestinos.com\/blog\/wp-content\/uploads\/2015\/08\/Alvaro-Carrillo-Panteon-Jardin-Mexico-560x420.jpg 560w, https:\/\/www.mexicodestinos.com\/blog\/wp-content\/uploads\/2015\/08\/Alvaro-Carrillo-Panteon-Jardin-Mexico-94x70.jpg 94w, https:\/\/www.mexicodestinos.com\/blog\/wp-content\/uploads\/2015\/08\/Alvaro-Carrillo-Panteon-Jardin-Mexico-420x315.jpg 420w, https:\/\/www.mexicodestinos.com\/blog\/wp-content\/uploads\/2015\/08\/Alvaro-Carrillo-Panteon-Jardin-Mexico-640x480.jpg 640w, https:\/\/www.mexicodestinos.com\/blog\/wp-content\/uploads\/2015\/08\/Alvaro-Carrillo-Panteon-Jardin-Mexico-300x225.jpg 300w\" sizes=\"(max-width: 720px) 100vw, 720px\" \/><\/a><\/p>\n<p style=\"text-align: justify;\">Alvaro\u00a0Carrillo Alarc\u00f3n, naci\u00f3 en Cacahuatepec, Oaxaca el 2 de diciembre de 1919. Es\u00a0<strong>uno de los compositores m\u00e1s destacados de toda la historia de la m\u00fasica mexicana<\/strong>\u00a0con m\u00e1s de 300 canciones como&#8221;Sabor a m\u00ed&#8221;, &#8220;La mentira&#8221;, &#8220;El andariego&#8221;, entre otras.\u00a0\u00a0Fue un hombre bohemio, y sus canciones contin\u00faan sonando a pesar del tiempo en\u00a0grandes voces como las de Vicente\u00a0Fern\u00e1ndez, Julio Iglesias, Jose Jos\u00e9, Caf\u00e9 Tacvba, entre otros. Falleci\u00f3 el\u00a03 de abril de 1969.<\/p>\n<p class=\"impact-text\">20. Elvira Quintana.<\/p>\n<p><a href=\"https:\/\/www.mexicodestinos.com\/blog\/wp-content\/uploads\/2015\/08\/Elvira-Quintana-Panteon-Jardin-Mexico.jpg\"><img decoding=\"async\" class=\"aligncenter size-full wp-image-15408\" src=\"https:\/\/www.mexicodestinos.com\/blog\/wp-content\/uploads\/2015\/08\/Elvira-Quintana-Panteon-Jardin-Mexico.jpg\" alt=\"Elvira Quintana - Panteon Jardin Mexico\" width=\"540\" height=\"720\" srcset=\"https:\/\/www.mexicodestinos.com\/blog\/wp-content\/uploads\/2015\/08\/Elvira-Quintana-Panteon-Jardin-Mexico.jpg 540w, https:\/\/www.mexicodestinos.com\/blog\/wp-content\/uploads\/2015\/08\/Elvira-Quintana-Panteon-Jardin-Mexico-150x200.jpg 150w, https:\/\/www.mexicodestinos.com\/blog\/wp-content\/uploads\/2015\/08\/Elvira-Quintana-Panteon-Jardin-Mexico-315x420.jpg 315w, https:\/\/www.mexicodestinos.com\/blog\/wp-content\/uploads\/2015\/08\/Elvira-Quintana-Panteon-Jardin-Mexico-300x400.jpg 300w\" sizes=\"(max-width: 540px) 100vw, 540px\" \/><\/a><\/p>\n<p style=\"text-align: justify;\">Elvira Catalina Quintana Molina,\u00a0nacio el 7 de noviembre de 1935 en Montijo, Espa\u00f1a. A M\u00e9xico lleg\u00f3 junto con su madre huyendo de la Guerra civil.\u00a0Trabaj\u00f3 como encargada de una tienda y al mismo tiempo estudiaba. Su primer novio trabajaba en los estudios Tepeyac, por lo que un d\u00eda se topo con Manuel G\u00f3mez Urquiza, quien le hizo pruebas y le dio la oportunidad de actuar en una pel\u00edcula. Su trabajo y carisma le ayudaron a crecer y a ser<strong> una de las actrices m\u00e1s famosas del cine mexicano<\/strong>. Pero<strong> su pecado era la vanidad<\/strong>, pues a\u00fan siendo una mujer que despertaba pasiones, su afici\u00f3n por los tratamientos de belleza la llevaron a ponerse silic\u00f3n en las piernas y senos para verse mas voluptuosa. Pero poco a poco las inyecciones fueron haciendo merma en su cuerpo hasta hacerle da\u00f1o a sus ri\u00f1ones. Convaleciente escribi\u00f3 un libro de poes\u00eda, pero\u00a0finalmente el 8 de agosto de 1968, apenas a los 32 a\u00f1os dejo el mundo y se convirti\u00f3 en una leyenda m\u00e1s del cine mexicano.<\/p>\n<p class=\"impact-text\">21. Pedro Infante.<\/p>\n<p><img decoding=\"async\" class=\"aligncenter size-full wp-image-15424\" src=\"https:\/\/www.mexicodestinos.com\/blog\/wp-content\/uploads\/2015\/08\/Pedro-Infante-Panteon-Jardin-Mexico.jpg\" alt=\"Pedro Infante - Panteon Jardin Mexico\" width=\"960\" height=\"720\" srcset=\"https:\/\/www.mexicodestinos.com\/blog\/wp-content\/uploads\/2015\/08\/Pedro-Infante-Panteon-Jardin-Mexico.jpg 960w, https:\/\/www.mexicodestinos.com\/blog\/wp-content\/uploads\/2015\/08\/Pedro-Infante-Panteon-Jardin-Mexico-267x200.jpg 267w, https:\/\/www.mexicodestinos.com\/blog\/wp-content\/uploads\/2015\/08\/Pedro-Infante-Panteon-Jardin-Mexico-560x420.jpg 560w, https:\/\/www.mexicodestinos.com\/blog\/wp-content\/uploads\/2015\/08\/Pedro-Infante-Panteon-Jardin-Mexico-94x70.jpg 94w, https:\/\/www.mexicodestinos.com\/blog\/wp-content\/uploads\/2015\/08\/Pedro-Infante-Panteon-Jardin-Mexico-420x315.jpg 420w, https:\/\/www.mexicodestinos.com\/blog\/wp-content\/uploads\/2015\/08\/Pedro-Infante-Panteon-Jardin-Mexico-640x480.jpg 640w, https:\/\/www.mexicodestinos.com\/blog\/wp-content\/uploads\/2015\/08\/Pedro-Infante-Panteon-Jardin-Mexico-300x225.jpg 300w\" sizes=\"(max-width: 960px) 100vw, 960px\" \/><\/p>\n<p style=\"text-align: justify;\">Pedro Infante Cruz naci\u00f3 en el bello puerto de Mazatl\u00e1n, Sinaloa el 18 de noviembre de 1917. Fue <strong>uno de los grandes representantes de la m\u00fasica ranchera mexicana<\/strong>, actor y cantante. Grab\u00f3 m\u00e1s de 300 canciones y apareci\u00f3 en m\u00e1s de 60 pel\u00edculas. Su familia era numerosa, tuvo 14 hermanos y adem\u00e1s procre\u00f3 a 4 hijos. Tambi\u00e9n era un fan\u00e1tico de la aviaci\u00f3n, pues para 1957 hab\u00eda acumulado casi tres mil horas de vuelo. En uno de esos viajes en la Ciudad de M\u00e9rida, Yucat\u00e1n, Pedro Infante se estrell\u00f3 en un\u00a0bombardero de la Segunda Guerra Mundial habilitado como avi\u00f3n de carga. Su\u00a0avi\u00f3n cay\u00f3 en el predio de la calle 54 por 87 en pleno centro de la ciudad el 15 de abril de 1957. Muchos dicen que su muerte fue en realidad una farsa, que\u00a0no muri\u00f3 en ese accidente y que fue v\u00edctima de una venganza\u00a0de un importante pol\u00edtico de aquella \u00e9poca por el\u00a0amor de una mujer.\u00a0Otros aseguran que su esp\u00edritu a\u00fan aparece en lo que fue su antigua casa de M\u00e9rida, Yucat\u00e1n y que hoy es el hotel Boulevard Infante.<\/p>\n<p style=\"text-align: justify;\"><em><strong>Un agradecimiento muy especial a:<\/strong> <strong>Israel Morales<\/strong> por las fotograf\u00edas, puedes visitar su p\u00e1gina de facebook aqu\u00ed:\u00a0<a href=\"https:\/\/www.fb.com\/caballero.aguila.mexico\" target=\"_blank\">https:\/\/www.fb.com\/caballero.aguila.mexico<\/a><\/em><\/p>\n<h2 style=\"text-align: justify;\">Pante\u00f3n Jard\u00edn, Ciudad de M\u00e9xico<\/h2>\n<p style=\"text-align: justify;\">El Pante\u00f3n Jard\u00edn, se encuentra en el Camino al Desierto de los Leones, KM 14.5, Colonia Ampliaci\u00f3n la Herradora, muy cerca de Perif\u00e9rico y Altavista, y abre de lunes a domingo de 8:30am a 5pm.,\u00a0esta abierto al p\u00fablico, (puedes dar una propina al vigilante y te permite el acceso), solo se pide respeto y silencio.<\/p>\n<p style=\"text-align: justify;\">As\u00ed que si est\u00e1s de paseo por la Ciudad de M\u00e9xico, ven a dar un paseo por la \u00faltima morada de grandes aristas del cine y el arte mexicanos.<\/p>\n","protected":false},"excerpt":{"rendered":"<p>La primera vez que v\u00ed un cadaver fue a un primo al que le cay\u00f3 un rayo. Seg\u00fan mis t\u00edos estaba en el campo limpiando un terreno con otra persona para sembrar ma\u00edz. Empez\u00f3 a llover y fue a cubrirse bajo un gran \u00e1rbol. Tras un rato de lluvia un rayo parti\u00f3 al \u00e1rbol en &#8230; <a title=\"La \u00faltima morada de 21 Grandes Artistas Mexicanos\" class=\"read-more\" href=\"https:\/\/www.mexicodestinos.com\/blog\/la-ultima-morada-de-21-grandes-artistas-mexicanos\/\" aria-label=\"Leer m\u00e1s sobre La \u00faltima morada de 21 Grandes Artistas Mexicanos\">Leer m\u00e1s<\/a><\/p>\n","protected":false},"author":7,"featured_media":15518,"comment_status":"open","ping_status":"open","sticky":false,"template":"","format":"standard","meta":{"_joinchat":[],"footnotes":""},"categories":[983],"tags":[1042,940,1043,938],"class_list":["post-15429","post","type-post","status-publish","format-standard","has-post-thumbnail","hentry","category-visita-mexico","tag-cine-mexicano","tag-dia-de-muertos","tag-panteones","tag-turismo-cultural"],"yoast_head":"<!-- This site is optimized with the Yoast SEO plugin v24.6 - https:\/\/yoast.com\/wordpress\/plugins\/seo\/ -->\n<title>La \u00faltima morada de 21 Grandes Art\u00edstas Mexicanos<\/title>\n<meta name=\"description\" content=\"Algunos de los Grandes artistas mexicanos que reposan en el Pante\u00f3n Jard\u00edn de la Ciudad de M\u00e9xico, seguro que te han hecho re\u00edr, cantar o llorar.\" \/>\n<meta name=\"robots\" content=\"index, follow, max-snippet:-1, max-image-preview:large, max-video-preview:-1\" \/>\n<link rel=\"canonical\" href=\"https:\/\/www.mexicodestinos.com\/blog\/la-ultima-morada-de-21-grandes-artistas-mexicanos\/\" \/>\n<meta property=\"og:locale\" content=\"es_MX\" \/>\n<meta property=\"og:type\" content=\"article\" \/>\n<meta property=\"og:title\" content=\"La \u00faltima morada de 21 Grandes Art\u00edstas Mexicanos\" \/>\n<meta property=\"og:description\" content=\"Seguro te han hecho re\u00edr, cantar y hasta llorar.\" \/>\n<meta property=\"og:url\" content=\"https:\/\/www.mexicodestinos.com\/blog\/la-ultima-morada-de-21-grandes-artistas-mexicanos\/\" \/>\n<meta property=\"og:site_name\" content=\"Blog de Viajes &amp; Turismo en M\u00e9xico\" \/>\n<meta property=\"article:publisher\" content=\"https:\/\/www.facebook.com\/MexicoDestinos\" \/>\n<meta property=\"article:author\" content=\"https:\/\/www.facebook.com\/WilliamGMkt\" \/>\n<meta property=\"article:published_time\" content=\"2015-08-07T00:27:19+00:00\" \/>\n<meta property=\"article:modified_time\" content=\"2015-08-07T18:32:33+00:00\" \/>\n<meta property=\"og:image\" content=\"https:\/\/www.mexicodestinos.com\/blog\/wp-content\/uploads\/2015\/08\/La-Ultima-morada-de-artistas-mexicanos-Pedro-Infante-y-Jorge-Negrete.png\" \/>\n\t<meta property=\"og:image:width\" content=\"1200\" \/>\n\t<meta property=\"og:image:height\" content=\"627\" \/>\n\t<meta property=\"og:image:type\" content=\"image\/png\" \/>\n<meta name=\"author\" content=\"William Gonz\u00e1lez\" \/>\n<meta name=\"twitter:card\" content=\"summary_large_image\" \/>\n<meta name=\"twitter:title\" content=\"La \u00faltima morada de 21 Grandes Art\u00edstas Mexicanos\" \/>\n<meta name=\"twitter:description\" content=\"Seguro te han hecho re\u00edr, cantar y hasta llorar.\" \/>\n<meta name=\"twitter:image\" content=\"https:\/\/www.mexicodestinos.com\/blog\/wp-content\/uploads\/2015\/08\/La-Ultima-morada-de-artistas-mexicanos-Pedro-Infante-y-Jorge-Negrete.png\" \/>\n<meta name=\"twitter:creator\" content=\"@https:\/\/twitter.com\/doble7\" \/>\n<meta name=\"twitter:site\" content=\"@mexicodestinos\" \/>\n<meta name=\"twitter:label1\" content=\"Escrito por\" \/>\n\t<meta name=\"twitter:data1\" content=\"William Gonz\u00e1lez\" \/>\n\t<meta name=\"twitter:label2\" content=\"Tiempo de lectura\" \/>\n\t<meta name=\"twitter:data2\" content=\"11 minutos\" \/>\n<script type=\"application\/ld+json\" class=\"yoast-schema-graph\">{\"@context\":\"https:\/\/schema.org\",\"@graph\":[{\"@type\":\"Article\",\"@id\":\"https:\/\/www.mexicodestinos.com\/blog\/la-ultima-morada-de-21-grandes-artistas-mexicanos\/#article\",\"isPartOf\":{\"@id\":\"https:\/\/www.mexicodestinos.com\/blog\/la-ultima-morada-de-21-grandes-artistas-mexicanos\/\"},\"author\":{\"name\":\"William Gonz\u00e1lez\",\"@id\":\"https:\/\/www.mexicodestinos.com\/blog\/#\/schema\/person\/c868519b48126783c7485904adb23676\"},\"headline\":\"La \u00faltima morada de 21 Grandes Artistas Mexicanos\",\"datePublished\":\"2015-08-07T00:27:19+00:00\",\"dateModified\":\"2015-08-07T18:32:33+00:00\",\"mainEntityOfPage\":{\"@id\":\"https:\/\/www.mexicodestinos.com\/blog\/la-ultima-morada-de-21-grandes-artistas-mexicanos\/\"},\"wordCount\":2116,\"commentCount\":0,\"publisher\":{\"@id\":\"https:\/\/www.mexicodestinos.com\/blog\/#organization\"},\"image\":{\"@id\":\"https:\/\/www.mexicodestinos.com\/blog\/la-ultima-morada-de-21-grandes-artistas-mexicanos\/#primaryimage\"},\"thumbnailUrl\":\"https:\/\/www.mexicodestinos.com\/blog\/wp-content\/uploads\/2015\/08\/La-Ultima-morada-de-artistas-mexicanos-Pedro-Infante-y-Jorge-Negrete.png\",\"keywords\":[\"Cine Mexicano\",\"D\u00eda de Muertos\",\"Pante\u00f3nes\",\"Turismo Cultural\"],\"articleSection\":[\"Visita M\u00e9xico\"],\"inLanguage\":\"es\",\"potentialAction\":[{\"@type\":\"CommentAction\",\"name\":\"Comment\",\"target\":[\"https:\/\/www.mexicodestinos.com\/blog\/la-ultima-morada-de-21-grandes-artistas-mexicanos\/#respond\"]}]},{\"@type\":\"WebPage\",\"@id\":\"https:\/\/www.mexicodestinos.com\/blog\/la-ultima-morada-de-21-grandes-artistas-mexicanos\/\",\"url\":\"https:\/\/www.mexicodestinos.com\/blog\/la-ultima-morada-de-21-grandes-artistas-mexicanos\/\",\"name\":\"La \u00faltima morada de 21 Grandes Art\u00edstas Mexicanos\",\"isPartOf\":{\"@id\":\"https:\/\/www.mexicodestinos.com\/blog\/#website\"},\"primaryImageOfPage\":{\"@id\":\"https:\/\/www.mexicodestinos.com\/blog\/la-ultima-morada-de-21-grandes-artistas-mexicanos\/#primaryimage\"},\"image\":{\"@id\":\"https:\/\/www.mexicodestinos.com\/blog\/la-ultima-morada-de-21-grandes-artistas-mexicanos\/#primaryimage\"},\"thumbnailUrl\":\"https:\/\/www.mexicodestinos.com\/blog\/wp-content\/uploads\/2015\/08\/La-Ultima-morada-de-artistas-mexicanos-Pedro-Infante-y-Jorge-Negrete.png\",\"datePublished\":\"2015-08-07T00:27:19+00:00\",\"dateModified\":\"2015-08-07T18:32:33+00:00\",\"description\":\"Algunos de los Grandes artistas mexicanos que reposan en el Pante\u00f3n Jard\u00edn de la Ciudad de M\u00e9xico, seguro que te han hecho re\u00edr, cantar o llorar.\",\"breadcrumb\":{\"@id\":\"https:\/\/www.mexicodestinos.com\/blog\/la-ultima-morada-de-21-grandes-artistas-mexicanos\/#breadcrumb\"},\"inLanguage\":\"es\",\"potentialAction\":[{\"@type\":\"ReadAction\",\"target\":[\"https:\/\/www.mexicodestinos.com\/blog\/la-ultima-morada-de-21-grandes-artistas-mexicanos\/\"]}]},{\"@type\":\"ImageObject\",\"inLanguage\":\"es\",\"@id\":\"https:\/\/www.mexicodestinos.com\/blog\/la-ultima-morada-de-21-grandes-artistas-mexicanos\/#primaryimage\",\"url\":\"https:\/\/www.mexicodestinos.com\/blog\/wp-content\/uploads\/2015\/08\/La-Ultima-morada-de-artistas-mexicanos-Pedro-Infante-y-Jorge-Negrete.png\",\"contentUrl\":\"https:\/\/www.mexicodestinos.com\/blog\/wp-content\/uploads\/2015\/08\/La-Ultima-morada-de-artistas-mexicanos-Pedro-Infante-y-Jorge-Negrete.png\",\"width\":1200,\"height\":627},{\"@type\":\"BreadcrumbList\",\"@id\":\"https:\/\/www.mexicodestinos.com\/blog\/la-ultima-morada-de-21-grandes-artistas-mexicanos\/#breadcrumb\",\"itemListElement\":[{\"@type\":\"ListItem\",\"position\":1,\"name\":\"Blog\",\"item\":\"https:\/\/www.mexicodestinos.com\/blog\/\"},{\"@type\":\"ListItem\",\"position\":2,\"name\":\"Visita M\u00e9xico\",\"item\":\"https:\/\/www.mexicodestinos.com\/blog\/visita-mexico\/\"},{\"@type\":\"ListItem\",\"position\":3,\"name\":\"La \u00faltima morada de 21 Grandes Artistas Mexicanos\"}]},{\"@type\":\"WebSite\",\"@id\":\"https:\/\/www.mexicodestinos.com\/blog\/#website\",\"url\":\"https:\/\/www.mexicodestinos.com\/blog\/\",\"name\":\"Blog de Viajes &amp; Turismo en M\u00e9xico\",\"description\":\"| M\u00e9xicoDestinos.com\",\"publisher\":{\"@id\":\"https:\/\/www.mexicodestinos.com\/blog\/#organization\"},\"potentialAction\":[{\"@type\":\"SearchAction\",\"target\":{\"@type\":\"EntryPoint\",\"urlTemplate\":\"https:\/\/www.mexicodestinos.com\/blog\/?s={search_term_string}\"},\"query-input\":{\"@type\":\"PropertyValueSpecification\",\"valueRequired\":true,\"valueName\":\"search_term_string\"}}],\"inLanguage\":\"es\"},{\"@type\":\"Organization\",\"@id\":\"https:\/\/www.mexicodestinos.com\/blog\/#organization\",\"name\":\"M\u00e9xicoDestinos.com\",\"url\":\"https:\/\/www.mexicodestinos.com\/blog\/\",\"logo\":{\"@type\":\"ImageObject\",\"inLanguage\":\"es\",\"@id\":\"https:\/\/www.mexicodestinos.com\/blog\/#\/schema\/logo\/image\/\",\"url\":\"https:\/\/www.mexicodestinos.com\/blog\/wp-content\/uploads\/2015\/08\/logo2.png\",\"contentUrl\":\"https:\/\/www.mexicodestinos.com\/blog\/wp-content\/uploads\/2015\/08\/logo2.png\",\"width\":\"201\",\"height\":\"40\",\"caption\":\"M\u00e9xicoDestinos.com\"},\"image\":{\"@id\":\"https:\/\/www.mexicodestinos.com\/blog\/#\/schema\/logo\/image\/\"},\"sameAs\":[\"https:\/\/www.facebook.com\/MexicoDestinos\",\"https:\/\/x.com\/mexicodestinos\",\"https:\/\/instagram.com\/mexicodestinos\/\",\"https:\/\/www.linkedin.com\/company\/m-xicodestinos.com\",\"https:\/\/es.pinterest.com\/mexicodestinos\/\",\"https:\/\/www.youtube.com\/user\/mexicodestinos\"]},{\"@type\":\"Person\",\"@id\":\"https:\/\/www.mexicodestinos.com\/blog\/#\/schema\/person\/c868519b48126783c7485904adb23676\",\"name\":\"William Gonz\u00e1lez\",\"image\":{\"@type\":\"ImageObject\",\"inLanguage\":\"es\",\"@id\":\"https:\/\/www.mexicodestinos.com\/blog\/#\/schema\/person\/image\/\",\"url\":\"https:\/\/secure.gravatar.com\/avatar\/726e84b5f8a7918d24f4ede8c5b2f832?s=96&r=g\",\"contentUrl\":\"https:\/\/secure.gravatar.com\/avatar\/726e84b5f8a7918d24f4ede8c5b2f832?s=96&r=g\",\"caption\":\"William Gonz\u00e1lez\"},\"description\":\"Blogger de Viajes en M\u00e9xicoDestinos.com Orgullosamente Cozumele\u00f1o. Siempre con mochila al hombro, boletos de ida pero no de regreso...\",\"sameAs\":[\"http:\/\/williamgmkt.com\/\",\"https:\/\/www.facebook.com\/WilliamGMkt\",\"https:\/\/instagram.com\/viajeromd\/\",\"https:\/\/mx.linkedin.com\/in\/williamglez\",\"https:\/\/x.com\/https:\/\/twitter.com\/doble7\"],\"url\":\"https:\/\/www.mexicodestinos.com\/blog\/author\/viajero\/\"}]}<\/script>\n<!-- \/ Yoast SEO plugin. -->","yoast_head_json":{"title":"La \u00faltima morada de 21 Grandes Art\u00edstas Mexicanos","description":"Algunos de los Grandes artistas mexicanos que reposan en el Pante\u00f3n Jard\u00edn de la Ciudad de M\u00e9xico, seguro que te han hecho re\u00edr, cantar o llorar.","robots":{"index":"index","follow":"follow","max-snippet":"max-snippet:-1","max-image-preview":"max-image-preview:large","max-video-preview":"max-video-preview:-1"},"canonical":"https:\/\/www.mexicodestinos.com\/blog\/la-ultima-morada-de-21-grandes-artistas-mexicanos\/","og_locale":"es_MX","og_type":"article","og_title":"La \u00faltima morada de 21 Grandes Art\u00edstas Mexicanos","og_description":"Seguro te han hecho re\u00edr, cantar y hasta llorar.","og_url":"https:\/\/www.mexicodestinos.com\/blog\/la-ultima-morada-de-21-grandes-artistas-mexicanos\/","og_site_name":"Blog de Viajes &amp; Turismo en M\u00e9xico","article_publisher":"https:\/\/www.facebook.com\/MexicoDestinos","article_author":"https:\/\/www.facebook.com\/WilliamGMkt","article_published_time":"2015-08-07T00:27:19+00:00","article_modified_time":"2015-08-07T18:32:33+00:00","og_image":[{"width":1200,"height":627,"url":"https:\/\/www.mexicodestinos.com\/blog\/wp-content\/uploads\/2015\/08\/La-Ultima-morada-de-artistas-mexicanos-Pedro-Infante-y-Jorge-Negrete.png","type":"image\/png"}],"author":"William Gonz\u00e1lez","twitter_card":"summary_large_image","twitter_title":"La \u00faltima morada de 21 Grandes Art\u00edstas Mexicanos","twitter_description":"Seguro te han hecho re\u00edr, cantar y hasta llorar.","twitter_image":"https:\/\/www.mexicodestinos.com\/blog\/wp-content\/uploads\/2015\/08\/La-Ultima-morada-de-artistas-mexicanos-Pedro-Infante-y-Jorge-Negrete.png","twitter_creator":"@https:\/\/twitter.com\/doble7","twitter_site":"@mexicodestinos","twitter_misc":{"Escrito por":"William Gonz\u00e1lez","Tiempo de lectura":"11 minutos"},"schema":{"@context":"https:\/\/schema.org","@graph":[{"@type":"Article","@id":"https:\/\/www.mexicodestinos.com\/blog\/la-ultima-morada-de-21-grandes-artistas-mexicanos\/#article","isPartOf":{"@id":"https:\/\/www.mexicodestinos.com\/blog\/la-ultima-morada-de-21-grandes-artistas-mexicanos\/"},"author":{"name":"William Gonz\u00e1lez","@id":"https:\/\/www.mexicodestinos.com\/blog\/#\/schema\/person\/c868519b48126783c7485904adb23676"},"headline":"La \u00faltima morada de 21 Grandes Artistas Mexicanos","datePublished":"2015-08-07T00:27:19+00:00","dateModified":"2015-08-07T18:32:33+00:00","mainEntityOfPage":{"@id":"https:\/\/www.mexicodestinos.com\/blog\/la-ultima-morada-de-21-grandes-artistas-mexicanos\/"},"wordCount":2116,"commentCount":0,"publisher":{"@id":"https:\/\/www.mexicodestinos.com\/blog\/#organization"},"image":{"@id":"https:\/\/www.mexicodestinos.com\/blog\/la-ultima-morada-de-21-grandes-artistas-mexicanos\/#primaryimage"},"thumbnailUrl":"https:\/\/www.mexicodestinos.com\/blog\/wp-content\/uploads\/2015\/08\/La-Ultima-morada-de-artistas-mexicanos-Pedro-Infante-y-Jorge-Negrete.png","keywords":["Cine Mexicano","D\u00eda de Muertos","Pante\u00f3nes","Turismo Cultural"],"articleSection":["Visita M\u00e9xico"],"inLanguage":"es","potentialAction":[{"@type":"CommentAction","name":"Comment","target":["https:\/\/www.mexicodestinos.com\/blog\/la-ultima-morada-de-21-grandes-artistas-mexicanos\/#respond"]}]},{"@type":"WebPage","@id":"https:\/\/www.mexicodestinos.com\/blog\/la-ultima-morada-de-21-grandes-artistas-mexicanos\/","url":"https:\/\/www.mexicodestinos.com\/blog\/la-ultima-morada-de-21-grandes-artistas-mexicanos\/","name":"La \u00faltima morada de 21 Grandes Art\u00edstas Mexicanos","isPartOf":{"@id":"https:\/\/www.mexicodestinos.com\/blog\/#website"},"primaryImageOfPage":{"@id":"https:\/\/www.mexicodestinos.com\/blog\/la-ultima-morada-de-21-grandes-artistas-mexicanos\/#primaryimage"},"image":{"@id":"https:\/\/www.mexicodestinos.com\/blog\/la-ultima-morada-de-21-grandes-artistas-mexicanos\/#primaryimage"},"thumbnailUrl":"https:\/\/www.mexicodestinos.com\/blog\/wp-content\/uploads\/2015\/08\/La-Ultima-morada-de-artistas-mexicanos-Pedro-Infante-y-Jorge-Negrete.png","datePublished":"2015-08-07T00:27:19+00:00","dateModified":"2015-08-07T18:32:33+00:00","description":"Algunos de los Grandes artistas mexicanos que reposan en el Pante\u00f3n Jard\u00edn de la Ciudad de M\u00e9xico, seguro que te han hecho re\u00edr, cantar o llorar.","breadcrumb":{"@id":"https:\/\/www.mexicodestinos.com\/blog\/la-ultima-morada-de-21-grandes-artistas-mexicanos\/#breadcrumb"},"inLanguage":"es","potentialAction":[{"@type":"ReadAction","target":["https:\/\/www.mexicodestinos.com\/blog\/la-ultima-morada-de-21-grandes-artistas-mexicanos\/"]}]},{"@type":"ImageObject","inLanguage":"es","@id":"https:\/\/www.mexicodestinos.com\/blog\/la-ultima-morada-de-21-grandes-artistas-mexicanos\/#primaryimage","url":"https:\/\/www.mexicodestinos.com\/blog\/wp-content\/uploads\/2015\/08\/La-Ultima-morada-de-artistas-mexicanos-Pedro-Infante-y-Jorge-Negrete.png","contentUrl":"https:\/\/www.mexicodestinos.com\/blog\/wp-content\/uploads\/2015\/08\/La-Ultima-morada-de-artistas-mexicanos-Pedro-Infante-y-Jorge-Negrete.png","width":1200,"height":627},{"@type":"BreadcrumbList","@id":"https:\/\/www.mexicodestinos.com\/blog\/la-ultima-morada-de-21-grandes-artistas-mexicanos\/#breadcrumb","itemListElement":[{"@type":"ListItem","position":1,"name":"Blog","item":"https:\/\/www.mexicodestinos.com\/blog\/"},{"@type":"ListItem","position":2,"name":"Visita M\u00e9xico","item":"https:\/\/www.mexicodestinos.com\/blog\/visita-mexico\/"},{"@type":"ListItem","position":3,"name":"La \u00faltima morada de 21 Grandes Artistas Mexicanos"}]},{"@type":"WebSite","@id":"https:\/\/www.mexicodestinos.com\/blog\/#website","url":"https:\/\/www.mexicodestinos.com\/blog\/","name":"Blog de Viajes &amp; Turismo en M\u00e9xico","description":"| M\u00e9xicoDestinos.com","publisher":{"@id":"https:\/\/www.mexicodestinos.com\/blog\/#organization"},"potentialAction":[{"@type":"SearchAction","target":{"@type":"EntryPoint","urlTemplate":"https:\/\/www.mexicodestinos.com\/blog\/?s={search_term_string}"},"query-input":{"@type":"PropertyValueSpecification","valueRequired":true,"valueName":"search_term_string"}}],"inLanguage":"es"},{"@type":"Organization","@id":"https:\/\/www.mexicodestinos.com\/blog\/#organization","name":"M\u00e9xicoDestinos.com","url":"https:\/\/www.mexicodestinos.com\/blog\/","logo":{"@type":"ImageObject","inLanguage":"es","@id":"https:\/\/www.mexicodestinos.com\/blog\/#\/schema\/logo\/image\/","url":"https:\/\/www.mexicodestinos.com\/blog\/wp-content\/uploads\/2015\/08\/logo2.png","contentUrl":"https:\/\/www.mexicodestinos.com\/blog\/wp-content\/uploads\/2015\/08\/logo2.png","width":"201","height":"40","caption":"M\u00e9xicoDestinos.com"},"image":{"@id":"https:\/\/www.mexicodestinos.com\/blog\/#\/schema\/logo\/image\/"},"sameAs":["https:\/\/www.facebook.com\/MexicoDestinos","https:\/\/x.com\/mexicodestinos","https:\/\/instagram.com\/mexicodestinos\/","https:\/\/www.linkedin.com\/company\/m-xicodestinos.com","https:\/\/es.pinterest.com\/mexicodestinos\/","https:\/\/www.youtube.com\/user\/mexicodestinos"]},{"@type":"Person","@id":"https:\/\/www.mexicodestinos.com\/blog\/#\/schema\/person\/c868519b48126783c7485904adb23676","name":"William Gonz\u00e1lez","image":{"@type":"ImageObject","inLanguage":"es","@id":"https:\/\/www.mexicodestinos.com\/blog\/#\/schema\/person\/image\/","url":"https:\/\/secure.gravatar.com\/avatar\/726e84b5f8a7918d24f4ede8c5b2f832?s=96&r=g","contentUrl":"https:\/\/secure.gravatar.com\/avatar\/726e84b5f8a7918d24f4ede8c5b2f832?s=96&r=g","caption":"William Gonz\u00e1lez"},"description":"Blogger de Viajes en M\u00e9xicoDestinos.com Orgullosamente Cozumele\u00f1o. Siempre con mochila al hombro, boletos de ida pero no de regreso...","sameAs":["http:\/\/williamgmkt.com\/","https:\/\/www.facebook.com\/WilliamGMkt","https:\/\/instagram.com\/viajeromd\/","https:\/\/mx.linkedin.com\/in\/williamglez","https:\/\/x.com\/https:\/\/twitter.com\/doble7"],"url":"https:\/\/www.mexicodestinos.com\/blog\/author\/viajero\/"}]}},"_links":{"self":[{"href":"https:\/\/www.mexicodestinos.com\/blog\/wp-json\/wp\/v2\/posts\/15429","targetHints":{"allow":["GET"]}}],"collection":[{"href":"https:\/\/www.mexicodestinos.com\/blog\/wp-json\/wp\/v2\/posts"}],"about":[{"href":"https:\/\/www.mexicodestinos.com\/blog\/wp-json\/wp\/v2\/types\/post"}],"author":[{"embeddable":true,"href":"https:\/\/www.mexicodestinos.com\/blog\/wp-json\/wp\/v2\/users\/7"}],"replies":[{"embeddable":true,"href":"https:\/\/www.mexicodestinos.com\/blog\/wp-json\/wp\/v2\/comments?post=15429"}],"version-history":[{"count":0,"href":"https:\/\/www.mexicodestinos.com\/blog\/wp-json\/wp\/v2\/posts\/15429\/revisions"}],"wp:featuredmedia":[{"embeddable":true,"href":"https:\/\/www.mexicodestinos.com\/blog\/wp-json\/wp\/v2\/media\/15518"}],"wp:attachment":[{"href":"https:\/\/www.mexicodestinos.com\/blog\/wp-json\/wp\/v2\/media?parent=15429"}],"wp:term":[{"taxonomy":"category","embeddable":true,"href":"https:\/\/www.mexicodestinos.com\/blog\/wp-json\/wp\/v2\/categories?post=15429"},{"taxonomy":"post_tag","embeddable":true,"href":"https:\/\/www.mexicodestinos.com\/blog\/wp-json\/wp\/v2\/tags?post=15429"}],"curies":[{"name":"wp","href":"https:\/\/api.w.org\/{rel}","templated":true}]}}