{"id":2878,"date":"2012-11-29T09:25:37","date_gmt":"2012-11-29T15:25:37","guid":{"rendered":"http:\/\/mexicodestinos.com\/?p=2878"},"modified":"2019-03-16T12:54:03","modified_gmt":"2019-03-16T18:54:03","slug":"unesco-reconoce-la-cultura-en-veracruz","status":"publish","type":"post","link":"https:\/\/www.mexicodestinos.com\/blog\/unesco-reconoce-la-cultura-en-veracruz\/","title":{"rendered":"UNESCO Reconoce la Cultura en Veracruz"},"content":{"rendered":"<p style=\"text-align: justify;\"><a href=\"https:\/\/www.mexicodestinos.com\/blog\/wp-content\/uploads\/2012\/11\/cultura-en-veracruz1.jpg\"><img decoding=\"async\" class=\"aligncenter size-full wp-image-2880\" title=\"cultura en veracruz\" alt=\"\" src=\"https:\/\/www.mexicodestinos.com\/blog\/wp-content\/uploads\/2012\/11\/cultura-en-veracruz1.jpg\" width=\"650\" height=\"448\" \/><\/a><\/p>\n<p style=\"text-align: justify;\">\u00a0Gracias a\u00a0tres reconocimientos de la <strong>Organizaci\u00f3n de las Naciones Unidas para la Educaci\u00f3n, la Ciencia y la Cultura<\/strong> (Unesco), el Estado de Veracruz es el estado mexicano ya con el mayor n\u00famero de patrimonios intangibles de la humanidad, en unos d\u00edas, dicho organismo nombrar\u00e1 al Centro de las Artes Ind\u00edgenas (CAI) como una de las Mejores Pr\u00e1cticas de Salvaguarda de Patrimonio Cultural Inmaterial en el Mundo.<\/p>\n<p style=\"text-align: justify;\">El gobernador del Estado de Veracruz al encabezar la ceremonia de reincorporaci\u00f3n de Papantla al Cat\u00e1logo de <strong>Pueblos M\u00e1gicos de M\u00e9xico<\/strong>\u00a0anunci\u00f3 el reconocimiento internacional que recibir\u00e1 <a title=\"Noticias Tur\u00edsticas sobre Veracruz\" href=\"https:\/\/www.mexicodestinos.com\/blog\/category\/destinos\/veracruz\/\">Veracruz<\/a> por promover y proteger a la cultura totonaca, pues el CAI, que se encuentra en el parque tem\u00e1tico Takilhsukut, en la zona de El Taj\u00edn, fue elegido como el mejor promotor de buenas pr\u00e1cticas en 2012.<\/p>\n<blockquote>\n<p style=\"text-align: justify;\">\u201cEste Centro de Artes Ind\u00edgenas est\u00e1 en la lista de los proyectos que la Unesco calificar\u00e1 como una de las Mejores Pr\u00e1cticas de Salvaguardia del Patrimonio Cultural Inmaterial en el Mundo, y con este nombramiento Papantla ser\u00e1 reconocida por tercera ocasi\u00f3n por las Naciones Unidas, gracias a su pasado y a la voluntad de todos\u201d, destac\u00f3 Duarte de Ochoa.<\/p>\n<\/blockquote>\n<p style=\"text-align: justify;\">Explic\u00f3 que el <strong>Centro de Artes Ind\u00edgenas de Papantla<\/strong> se ubica como un sitio \u00fanico para la preservaci\u00f3n de nuestras costumbres; es un punto de encuentro donde se contin\u00faa la transmisi\u00f3n de conocimientos, para garantizar que la cultura totonaca perdurar\u00e1 por siempre.<\/p>\n<p style=\"text-align: justify;\">Al destacar que la totonaca es una cultura viva, fuente de aprendizaje y prosperidad, el mandatario dijo tambi\u00e9n ante los integrantes del Consejo Supremo Totonaco que Papantla es el mejor emblema de la riqueza ancestral de Veracruz.\u00a0\u201cAhora confirmamos que su verdadera magia radica en la firme voluntad de su gente\u201d, manifest\u00f3 con orgullo el Gobernador durante la ceremonia para devolver el t\u00edtulo de Pueblo M\u00e1gico a Papantla, que tiene en la <a title=\"Zonas Arqueol\u00f3gicas de Veracruz: Donde el Pasado se Asoma\" href=\"https:\/\/www.mexicodestinos.com\/blog\/2012\/11\/zonas-arqueologicas-de-veracruz\/\">Ciudad Sagrada de El Taj\u00edn<\/a> y los Voladores de Papantla dos patrimonios culturales de la humanidad, y pronto se sumar\u00e1 el reconocimiento al Centro de las Artes Ind\u00edgenas.<\/p>\n","protected":false},"excerpt":{"rendered":"<p>\u00a0Gracias a\u00a0tres reconocimientos de la Organizaci\u00f3n de las Naciones Unidas para la Educaci\u00f3n, la Ciencia y la Cultura (Unesco), el Estado de Veracruz es el estado mexicano ya con el mayor n\u00famero de patrimonios intangibles de la humanidad, en unos d\u00edas, dicho organismo nombrar\u00e1 al Centro de las Artes Ind\u00edgenas (CAI) como una de las &#8230; <a title=\"UNESCO Reconoce la Cultura en Veracruz\" class=\"read-more\" href=\"https:\/\/www.mexicodestinos.com\/blog\/unesco-reconoce-la-cultura-en-veracruz\/\" aria-label=\"Leer m\u00e1s sobre UNESCO Reconoce la Cultura en Veracruz\">Leer m\u00e1s<\/a><\/p>\n","protected":false},"author":7,"featured_media":2880,"comment_status":"open","ping_status":"open","sticky":false,"template":"","format":"standard","meta":{"_joinchat":[],"footnotes":""},"categories":[849],"tags":[850],"class_list":["post-2878","post","type-post","status-publish","format-standard","has-post-thumbnail","hentry","category-noticias","tag-actualidad-del-turismo-en-mexico"],"yoast_head":"<!-- This site is optimized with the Yoast SEO plugin v24.6 - https:\/\/yoast.com\/wordpress\/plugins\/seo\/ -->\n<title>UNESCO Reconoce la Cultura en Veracruz - M\u00e9xico Destinos.com<\/title>\n<meta name=\"description\" content=\"Veracruz es el estado de la Rep\u00fablica Mexicana con m\u00e1s patrimonios intangibles de la humanidad, por la UNESCO \u00bfTe atrever\u00edas a conocerlos?\" \/>\n<meta name=\"robots\" content=\"index, follow, max-snippet:-1, max-image-preview:large, max-video-preview:-1\" \/>\n<link rel=\"canonical\" href=\"https:\/\/www.mexicodestinos.com\/blog\/unesco-reconoce-la-cultura-en-veracruz\/\" \/>\n<meta property=\"og:locale\" content=\"es_MX\" \/>\n<meta property=\"og:type\" content=\"article\" \/>\n<meta property=\"og:title\" content=\"UNESCO Reconoce la Cultura en Veracruz - M\u00e9xico Destinos.com\" \/>\n<meta property=\"og:description\" content=\"Veracruz es el estado de la Rep\u00fablica Mexicana con m\u00e1s patrimonios intangibles de la humanidad, por la UNESCO \u00bfTe atrever\u00edas a conocerlos?\" \/>\n<meta property=\"og:url\" content=\"https:\/\/www.mexicodestinos.com\/blog\/unesco-reconoce-la-cultura-en-veracruz\/\" \/>\n<meta property=\"og:site_name\" content=\"Blog de Viajes &amp; Turismo en M\u00e9xico\" \/>\n<meta property=\"article:publisher\" content=\"https:\/\/www.facebook.com\/MexicoDestinos\" \/>\n<meta property=\"article:author\" content=\"https:\/\/www.facebook.com\/WilliamGMkt\" \/>\n<meta property=\"article:published_time\" content=\"2012-11-29T15:25:37+00:00\" \/>\n<meta property=\"article:modified_time\" content=\"2019-03-16T18:54:03+00:00\" \/>\n<meta property=\"og:image\" content=\"https:\/\/www.mexicodestinos.com\/blog\/wp-content\/uploads\/2012\/11\/cultura-en-veracruz.jpg\" \/>\n\t<meta property=\"og:image:width\" content=\"500\" \/>\n\t<meta property=\"og:image:height\" content=\"418\" \/>\n\t<meta property=\"og:image:type\" content=\"image\/jpeg\" \/>\n<meta name=\"author\" content=\"William Gonz\u00e1lez\" \/>\n<meta name=\"twitter:card\" content=\"summary_large_image\" \/>\n<meta name=\"twitter:creator\" content=\"@https:\/\/twitter.com\/doble7\" \/>\n<meta name=\"twitter:site\" content=\"@mexicodestinos\" \/>\n<meta name=\"twitter:label1\" content=\"Escrito por\" \/>\n\t<meta name=\"twitter:data1\" content=\"William Gonz\u00e1lez\" \/>\n\t<meta name=\"twitter:label2\" content=\"Tiempo de lectura\" \/>\n\t<meta name=\"twitter:data2\" content=\"2 minutos\" \/>\n<script type=\"application\/ld+json\" class=\"yoast-schema-graph\">{\"@context\":\"https:\/\/schema.org\",\"@graph\":[{\"@type\":\"Article\",\"@id\":\"https:\/\/www.mexicodestinos.com\/blog\/unesco-reconoce-la-cultura-en-veracruz\/#article\",\"isPartOf\":{\"@id\":\"https:\/\/www.mexicodestinos.com\/blog\/unesco-reconoce-la-cultura-en-veracruz\/\"},\"author\":{\"name\":\"William Gonz\u00e1lez\",\"@id\":\"https:\/\/www.mexicodestinos.com\/blog\/#\/schema\/person\/c868519b48126783c7485904adb23676\"},\"headline\":\"UNESCO Reconoce la Cultura en Veracruz\",\"datePublished\":\"2012-11-29T15:25:37+00:00\",\"dateModified\":\"2019-03-16T18:54:03+00:00\",\"mainEntityOfPage\":{\"@id\":\"https:\/\/www.mexicodestinos.com\/blog\/unesco-reconoce-la-cultura-en-veracruz\/\"},\"wordCount\":362,\"commentCount\":0,\"publisher\":{\"@id\":\"https:\/\/www.mexicodestinos.com\/blog\/#organization\"},\"image\":{\"@id\":\"https:\/\/www.mexicodestinos.com\/blog\/unesco-reconoce-la-cultura-en-veracruz\/#primaryimage\"},\"thumbnailUrl\":\"https:\/\/www.mexicodestinos.com\/blog\/wp-content\/uploads\/2012\/11\/cultura-en-veracruz.jpg\",\"keywords\":[\"Actualidad del Turismo en M\u00e9xico\"],\"articleSection\":[\"Noticias de Turismo\"],\"inLanguage\":\"es\",\"potentialAction\":[{\"@type\":\"CommentAction\",\"name\":\"Comment\",\"target\":[\"https:\/\/www.mexicodestinos.com\/blog\/unesco-reconoce-la-cultura-en-veracruz\/#respond\"]}]},{\"@type\":\"WebPage\",\"@id\":\"https:\/\/www.mexicodestinos.com\/blog\/unesco-reconoce-la-cultura-en-veracruz\/\",\"url\":\"https:\/\/www.mexicodestinos.com\/blog\/unesco-reconoce-la-cultura-en-veracruz\/\",\"name\":\"UNESCO Reconoce la Cultura en Veracruz - M\u00e9xico Destinos.com\",\"isPartOf\":{\"@id\":\"https:\/\/www.mexicodestinos.com\/blog\/#website\"},\"primaryImageOfPage\":{\"@id\":\"https:\/\/www.mexicodestinos.com\/blog\/unesco-reconoce-la-cultura-en-veracruz\/#primaryimage\"},\"image\":{\"@id\":\"https:\/\/www.mexicodestinos.com\/blog\/unesco-reconoce-la-cultura-en-veracruz\/#primaryimage\"},\"thumbnailUrl\":\"https:\/\/www.mexicodestinos.com\/blog\/wp-content\/uploads\/2012\/11\/cultura-en-veracruz.jpg\",\"datePublished\":\"2012-11-29T15:25:37+00:00\",\"dateModified\":\"2019-03-16T18:54:03+00:00\",\"description\":\"Veracruz es el estado de la Rep\u00fablica Mexicana con m\u00e1s patrimonios intangibles de la humanidad, por la UNESCO \u00bfTe atrever\u00edas a conocerlos?\",\"breadcrumb\":{\"@id\":\"https:\/\/www.mexicodestinos.com\/blog\/unesco-reconoce-la-cultura-en-veracruz\/#breadcrumb\"},\"inLanguage\":\"es\",\"potentialAction\":[{\"@type\":\"ReadAction\",\"target\":[\"https:\/\/www.mexicodestinos.com\/blog\/unesco-reconoce-la-cultura-en-veracruz\/\"]}]},{\"@type\":\"ImageObject\",\"inLanguage\":\"es\",\"@id\":\"https:\/\/www.mexicodestinos.com\/blog\/unesco-reconoce-la-cultura-en-veracruz\/#primaryimage\",\"url\":\"https:\/\/www.mexicodestinos.com\/blog\/wp-content\/uploads\/2012\/11\/cultura-en-veracruz.jpg\",\"contentUrl\":\"https:\/\/www.mexicodestinos.com\/blog\/wp-content\/uploads\/2012\/11\/cultura-en-veracruz.jpg\",\"width\":\"500\",\"height\":\"418\"},{\"@type\":\"BreadcrumbList\",\"@id\":\"https:\/\/www.mexicodestinos.com\/blog\/unesco-reconoce-la-cultura-en-veracruz\/#breadcrumb\",\"itemListElement\":[{\"@type\":\"ListItem\",\"position\":1,\"name\":\"Blog\",\"item\":\"https:\/\/www.mexicodestinos.com\/blog\/\"},{\"@type\":\"ListItem\",\"position\":2,\"name\":\"Visita M\u00e9xico\",\"item\":\"https:\/\/www.mexicodestinos.com\/blog\/visita-mexico\/\"},{\"@type\":\"ListItem\",\"position\":3,\"name\":\"Noticias de Turismo\",\"item\":\"https:\/\/www.mexicodestinos.com\/blog\/visita-mexico\/noticias\/\"},{\"@type\":\"ListItem\",\"position\":4,\"name\":\"UNESCO Reconoce la Cultura en Veracruz\"}]},{\"@type\":\"WebSite\",\"@id\":\"https:\/\/www.mexicodestinos.com\/blog\/#website\",\"url\":\"https:\/\/www.mexicodestinos.com\/blog\/\",\"name\":\"Blog de Viajes &amp; Turismo en M\u00e9xico\",\"description\":\"| M\u00e9xicoDestinos.com\",\"publisher\":{\"@id\":\"https:\/\/www.mexicodestinos.com\/blog\/#organization\"},\"potentialAction\":[{\"@type\":\"SearchAction\",\"target\":{\"@type\":\"EntryPoint\",\"urlTemplate\":\"https:\/\/www.mexicodestinos.com\/blog\/?s={search_term_string}\"},\"query-input\":{\"@type\":\"PropertyValueSpecification\",\"valueRequired\":true,\"valueName\":\"search_term_string\"}}],\"inLanguage\":\"es\"},{\"@type\":\"Organization\",\"@id\":\"https:\/\/www.mexicodestinos.com\/blog\/#organization\",\"name\":\"M\u00e9xicoDestinos.com\",\"url\":\"https:\/\/www.mexicodestinos.com\/blog\/\",\"logo\":{\"@type\":\"ImageObject\",\"inLanguage\":\"es\",\"@id\":\"https:\/\/www.mexicodestinos.com\/blog\/#\/schema\/logo\/image\/\",\"url\":\"https:\/\/www.mexicodestinos.com\/blog\/wp-content\/uploads\/2015\/08\/logo2.png\",\"contentUrl\":\"https:\/\/www.mexicodestinos.com\/blog\/wp-content\/uploads\/2015\/08\/logo2.png\",\"width\":\"201\",\"height\":\"40\",\"caption\":\"M\u00e9xicoDestinos.com\"},\"image\":{\"@id\":\"https:\/\/www.mexicodestinos.com\/blog\/#\/schema\/logo\/image\/\"},\"sameAs\":[\"https:\/\/www.facebook.com\/MexicoDestinos\",\"https:\/\/x.com\/mexicodestinos\",\"https:\/\/instagram.com\/mexicodestinos\/\",\"https:\/\/www.linkedin.com\/company\/m-xicodestinos.com\",\"https:\/\/es.pinterest.com\/mexicodestinos\/\",\"https:\/\/www.youtube.com\/user\/mexicodestinos\"]},{\"@type\":\"Person\",\"@id\":\"https:\/\/www.mexicodestinos.com\/blog\/#\/schema\/person\/c868519b48126783c7485904adb23676\",\"name\":\"William Gonz\u00e1lez\",\"image\":{\"@type\":\"ImageObject\",\"inLanguage\":\"es\",\"@id\":\"https:\/\/www.mexicodestinos.com\/blog\/#\/schema\/person\/image\/\",\"url\":\"https:\/\/secure.gravatar.com\/avatar\/726e84b5f8a7918d24f4ede8c5b2f832?s=96&r=g\",\"contentUrl\":\"https:\/\/secure.gravatar.com\/avatar\/726e84b5f8a7918d24f4ede8c5b2f832?s=96&r=g\",\"caption\":\"William Gonz\u00e1lez\"},\"description\":\"Blogger de Viajes en M\u00e9xicoDestinos.com Orgullosamente Cozumele\u00f1o. Siempre con mochila al hombro, boletos de ida pero no de regreso...\",\"sameAs\":[\"http:\/\/williamgmkt.com\/\",\"https:\/\/www.facebook.com\/WilliamGMkt\",\"https:\/\/instagram.com\/viajeromd\/\",\"https:\/\/mx.linkedin.com\/in\/williamglez\",\"https:\/\/x.com\/https:\/\/twitter.com\/doble7\"],\"url\":\"https:\/\/www.mexicodestinos.com\/blog\/author\/viajero\/\"}]}<\/script>\n<!-- \/ Yoast SEO plugin. -->","yoast_head_json":{"title":"UNESCO Reconoce la Cultura en Veracruz - M\u00e9xico Destinos.com","description":"Veracruz es el estado de la Rep\u00fablica Mexicana con m\u00e1s patrimonios intangibles de la humanidad, por la UNESCO \u00bfTe atrever\u00edas a conocerlos?","robots":{"index":"index","follow":"follow","max-snippet":"max-snippet:-1","max-image-preview":"max-image-preview:large","max-video-preview":"max-video-preview:-1"},"canonical":"https:\/\/www.mexicodestinos.com\/blog\/unesco-reconoce-la-cultura-en-veracruz\/","og_locale":"es_MX","og_type":"article","og_title":"UNESCO Reconoce la Cultura en Veracruz - M\u00e9xico Destinos.com","og_description":"Veracruz es el estado de la Rep\u00fablica Mexicana con m\u00e1s patrimonios intangibles de la humanidad, por la UNESCO \u00bfTe atrever\u00edas a conocerlos?","og_url":"https:\/\/www.mexicodestinos.com\/blog\/unesco-reconoce-la-cultura-en-veracruz\/","og_site_name":"Blog de Viajes &amp; Turismo en M\u00e9xico","article_publisher":"https:\/\/www.facebook.com\/MexicoDestinos","article_author":"https:\/\/www.facebook.com\/WilliamGMkt","article_published_time":"2012-11-29T15:25:37+00:00","article_modified_time":"2019-03-16T18:54:03+00:00","og_image":[{"width":500,"height":418,"url":"https:\/\/www.mexicodestinos.com\/blog\/wp-content\/uploads\/2012\/11\/cultura-en-veracruz.jpg","type":"image\/jpeg"}],"author":"William Gonz\u00e1lez","twitter_card":"summary_large_image","twitter_creator":"@https:\/\/twitter.com\/doble7","twitter_site":"@mexicodestinos","twitter_misc":{"Escrito por":"William Gonz\u00e1lez","Tiempo de lectura":"2 minutos"},"schema":{"@context":"https:\/\/schema.org","@graph":[{"@type":"Article","@id":"https:\/\/www.mexicodestinos.com\/blog\/unesco-reconoce-la-cultura-en-veracruz\/#article","isPartOf":{"@id":"https:\/\/www.mexicodestinos.com\/blog\/unesco-reconoce-la-cultura-en-veracruz\/"},"author":{"name":"William Gonz\u00e1lez","@id":"https:\/\/www.mexicodestinos.com\/blog\/#\/schema\/person\/c868519b48126783c7485904adb23676"},"headline":"UNESCO Reconoce la Cultura en Veracruz","datePublished":"2012-11-29T15:25:37+00:00","dateModified":"2019-03-16T18:54:03+00:00","mainEntityOfPage":{"@id":"https:\/\/www.mexicodestinos.com\/blog\/unesco-reconoce-la-cultura-en-veracruz\/"},"wordCount":362,"commentCount":0,"publisher":{"@id":"https:\/\/www.mexicodestinos.com\/blog\/#organization"},"image":{"@id":"https:\/\/www.mexicodestinos.com\/blog\/unesco-reconoce-la-cultura-en-veracruz\/#primaryimage"},"thumbnailUrl":"https:\/\/www.mexicodestinos.com\/blog\/wp-content\/uploads\/2012\/11\/cultura-en-veracruz.jpg","keywords":["Actualidad del Turismo en M\u00e9xico"],"articleSection":["Noticias de Turismo"],"inLanguage":"es","potentialAction":[{"@type":"CommentAction","name":"Comment","target":["https:\/\/www.mexicodestinos.com\/blog\/unesco-reconoce-la-cultura-en-veracruz\/#respond"]}]},{"@type":"WebPage","@id":"https:\/\/www.mexicodestinos.com\/blog\/unesco-reconoce-la-cultura-en-veracruz\/","url":"https:\/\/www.mexicodestinos.com\/blog\/unesco-reconoce-la-cultura-en-veracruz\/","name":"UNESCO Reconoce la Cultura en Veracruz - M\u00e9xico Destinos.com","isPartOf":{"@id":"https:\/\/www.mexicodestinos.com\/blog\/#website"},"primaryImageOfPage":{"@id":"https:\/\/www.mexicodestinos.com\/blog\/unesco-reconoce-la-cultura-en-veracruz\/#primaryimage"},"image":{"@id":"https:\/\/www.mexicodestinos.com\/blog\/unesco-reconoce-la-cultura-en-veracruz\/#primaryimage"},"thumbnailUrl":"https:\/\/www.mexicodestinos.com\/blog\/wp-content\/uploads\/2012\/11\/cultura-en-veracruz.jpg","datePublished":"2012-11-29T15:25:37+00:00","dateModified":"2019-03-16T18:54:03+00:00","description":"Veracruz es el estado de la Rep\u00fablica Mexicana con m\u00e1s patrimonios intangibles de la humanidad, por la UNESCO \u00bfTe atrever\u00edas a conocerlos?","breadcrumb":{"@id":"https:\/\/www.mexicodestinos.com\/blog\/unesco-reconoce-la-cultura-en-veracruz\/#breadcrumb"},"inLanguage":"es","potentialAction":[{"@type":"ReadAction","target":["https:\/\/www.mexicodestinos.com\/blog\/unesco-reconoce-la-cultura-en-veracruz\/"]}]},{"@type":"ImageObject","inLanguage":"es","@id":"https:\/\/www.mexicodestinos.com\/blog\/unesco-reconoce-la-cultura-en-veracruz\/#primaryimage","url":"https:\/\/www.mexicodestinos.com\/blog\/wp-content\/uploads\/2012\/11\/cultura-en-veracruz.jpg","contentUrl":"https:\/\/www.mexicodestinos.com\/blog\/wp-content\/uploads\/2012\/11\/cultura-en-veracruz.jpg","width":"500","height":"418"},{"@type":"BreadcrumbList","@id":"https:\/\/www.mexicodestinos.com\/blog\/unesco-reconoce-la-cultura-en-veracruz\/#breadcrumb","itemListElement":[{"@type":"ListItem","position":1,"name":"Blog","item":"https:\/\/www.mexicodestinos.com\/blog\/"},{"@type":"ListItem","position":2,"name":"Visita M\u00e9xico","item":"https:\/\/www.mexicodestinos.com\/blog\/visita-mexico\/"},{"@type":"ListItem","position":3,"name":"Noticias de Turismo","item":"https:\/\/www.mexicodestinos.com\/blog\/visita-mexico\/noticias\/"},{"@type":"ListItem","position":4,"name":"UNESCO Reconoce la Cultura en Veracruz"}]},{"@type":"WebSite","@id":"https:\/\/www.mexicodestinos.com\/blog\/#website","url":"https:\/\/www.mexicodestinos.com\/blog\/","name":"Blog de Viajes &amp; Turismo en M\u00e9xico","description":"| M\u00e9xicoDestinos.com","publisher":{"@id":"https:\/\/www.mexicodestinos.com\/blog\/#organization"},"potentialAction":[{"@type":"SearchAction","target":{"@type":"EntryPoint","urlTemplate":"https:\/\/www.mexicodestinos.com\/blog\/?s={search_term_string}"},"query-input":{"@type":"PropertyValueSpecification","valueRequired":true,"valueName":"search_term_string"}}],"inLanguage":"es"},{"@type":"Organization","@id":"https:\/\/www.mexicodestinos.com\/blog\/#organization","name":"M\u00e9xicoDestinos.com","url":"https:\/\/www.mexicodestinos.com\/blog\/","logo":{"@type":"ImageObject","inLanguage":"es","@id":"https:\/\/www.mexicodestinos.com\/blog\/#\/schema\/logo\/image\/","url":"https:\/\/www.mexicodestinos.com\/blog\/wp-content\/uploads\/2015\/08\/logo2.png","contentUrl":"https:\/\/www.mexicodestinos.com\/blog\/wp-content\/uploads\/2015\/08\/logo2.png","width":"201","height":"40","caption":"M\u00e9xicoDestinos.com"},"image":{"@id":"https:\/\/www.mexicodestinos.com\/blog\/#\/schema\/logo\/image\/"},"sameAs":["https:\/\/www.facebook.com\/MexicoDestinos","https:\/\/x.com\/mexicodestinos","https:\/\/instagram.com\/mexicodestinos\/","https:\/\/www.linkedin.com\/company\/m-xicodestinos.com","https:\/\/es.pinterest.com\/mexicodestinos\/","https:\/\/www.youtube.com\/user\/mexicodestinos"]},{"@type":"Person","@id":"https:\/\/www.mexicodestinos.com\/blog\/#\/schema\/person\/c868519b48126783c7485904adb23676","name":"William Gonz\u00e1lez","image":{"@type":"ImageObject","inLanguage":"es","@id":"https:\/\/www.mexicodestinos.com\/blog\/#\/schema\/person\/image\/","url":"https:\/\/secure.gravatar.com\/avatar\/726e84b5f8a7918d24f4ede8c5b2f832?s=96&r=g","contentUrl":"https:\/\/secure.gravatar.com\/avatar\/726e84b5f8a7918d24f4ede8c5b2f832?s=96&r=g","caption":"William Gonz\u00e1lez"},"description":"Blogger de Viajes en M\u00e9xicoDestinos.com Orgullosamente Cozumele\u00f1o. Siempre con mochila al hombro, boletos de ida pero no de regreso...","sameAs":["http:\/\/williamgmkt.com\/","https:\/\/www.facebook.com\/WilliamGMkt","https:\/\/instagram.com\/viajeromd\/","https:\/\/mx.linkedin.com\/in\/williamglez","https:\/\/x.com\/https:\/\/twitter.com\/doble7"],"url":"https:\/\/www.mexicodestinos.com\/blog\/author\/viajero\/"}]}},"_links":{"self":[{"href":"https:\/\/www.mexicodestinos.com\/blog\/wp-json\/wp\/v2\/posts\/2878","targetHints":{"allow":["GET"]}}],"collection":[{"href":"https:\/\/www.mexicodestinos.com\/blog\/wp-json\/wp\/v2\/posts"}],"about":[{"href":"https:\/\/www.mexicodestinos.com\/blog\/wp-json\/wp\/v2\/types\/post"}],"author":[{"embeddable":true,"href":"https:\/\/www.mexicodestinos.com\/blog\/wp-json\/wp\/v2\/users\/7"}],"replies":[{"embeddable":true,"href":"https:\/\/www.mexicodestinos.com\/blog\/wp-json\/wp\/v2\/comments?post=2878"}],"version-history":[{"count":0,"href":"https:\/\/www.mexicodestinos.com\/blog\/wp-json\/wp\/v2\/posts\/2878\/revisions"}],"wp:featuredmedia":[{"embeddable":true,"href":"https:\/\/www.mexicodestinos.com\/blog\/wp-json\/wp\/v2\/media\/2880"}],"wp:attachment":[{"href":"https:\/\/www.mexicodestinos.com\/blog\/wp-json\/wp\/v2\/media?parent=2878"}],"wp:term":[{"taxonomy":"category","embeddable":true,"href":"https:\/\/www.mexicodestinos.com\/blog\/wp-json\/wp\/v2\/categories?post=2878"},{"taxonomy":"post_tag","embeddable":true,"href":"https:\/\/www.mexicodestinos.com\/blog\/wp-json\/wp\/v2\/tags?post=2878"}],"curies":[{"name":"wp","href":"https:\/\/api.w.org\/{rel}","templated":true}]}}