{"id":32544,"date":"2022-11-30T19:03:27","date_gmt":"2022-12-01T01:03:27","guid":{"rendered":"http:\/\/mexicodestinos.com\/?p=32544"},"modified":"2022-12-13T10:28:25","modified_gmt":"2022-12-13T16:28:25","slug":"las-mananitas-y-su-origen","status":"publish","type":"post","link":"https:\/\/www.mexicodestinos.com\/blog\/las-mananitas-y-su-origen\/","title":{"rendered":"Las ma\u00f1anitas y su origen"},"content":{"rendered":"<p>En este post \u201c<strong>Las ma\u00f1anitas y su origen<\/strong>\u201d vamos a descubrir una de las m\u00e1s bellas tradiciones mexicanas presentes no solo en M\u00e9xico sino en el mundo\u2026<\/p>\n<p>Cuando pensamos en M\u00e9xico lo podemos asociar a varios emblemas, los tacos, las pi\u00f1atas, los mariachis, el tequila, las playas del Caribe o en el Pac\u00edfico, la cosmopolita <a href=\"https:\/\/www.mexicodestinos.com\/ciudad-de-mexico\/lugares?utm_source=Blog-MD&amp;utm_medium=Post-Las-Mananitas&amp;utm_campaign=Lugares-CDMX\">Ciudad de M\u00e9xico<\/a> y las famosas melod\u00edas de Cielito Lindo y Las Ma\u00f1anitas, entre muchas otras representaciones de este bello pa\u00eds\u2026<\/p>\n<p>Dicen por ah\u00ed \u201cLo que no se conoce, no se ama\u201d, aprendamos m\u00e1s de las tradiciones de M\u00e9xico y d\u00e9mosle el valor que se merecen, para ello saber m\u00e1s sobre su origen seguro ayudar\u00e1.<\/p>\n<p>Sin m\u00e1s pre\u00e1mbulos, veamos qu\u00e9 se sabe de Las Ma\u00f1anitas\u2026<\/p>\n<p><img decoding=\"async\" class=\"aligncenter wp-image-32553 size-large\" src=\"https:\/\/www.mexicodestinos.com\/blog\/wp-content\/uploads\/2022\/11\/mananitas-mexicanas-630x420.jpg\" alt=\"Las ma\u00f1anitas\" width=\"630\" height=\"420\" srcset=\"https:\/\/www.mexicodestinos.com\/blog\/wp-content\/uploads\/2022\/11\/mananitas-mexicanas-630x420.jpg 630w, https:\/\/www.mexicodestinos.com\/blog\/wp-content\/uploads\/2022\/11\/mananitas-mexicanas-300x200.jpg 300w, https:\/\/www.mexicodestinos.com\/blog\/wp-content\/uploads\/2022\/11\/mananitas-mexicanas-768x512.jpg 768w, https:\/\/www.mexicodestinos.com\/blog\/wp-content\/uploads\/2022\/11\/mananitas-mexicanas.jpg 800w\" sizes=\"(max-width: 630px) 100vw, 630px\" \/><\/p>\n<h2>\u00bfQu\u00e9 son las Ma\u00f1anitas mexicanas?<\/h2>\n<p>\u201cLas Ma\u00f1anitas\u201d es una bonita canci\u00f3n que se entona en las celebraciones de cumplea\u00f1os como una felicitaci\u00f3n al homenajeado, de la misma manera en la que en otros pa\u00edses se canta el \u201cCumplea\u00f1os Feliz\u201d o el \u201cHappy Birthday\u201d.<\/p>\n<p>Igualmente, cada a\u00f1o, en el mes de diciembre, las \u201cMa\u00f1anitas Mexicanas\u201d adquieren un significado muy especial para los mexicanos cat\u00f3licos, ya que se esperan las celebraciones en honor a la patrona del pa\u00eds, la Virgen de Guadalupe.<\/p>\n<p>En las v\u00edsperas del d\u00eda 12 de diciembre, millones de feligreses llegan a la <a href=\"https:\/\/www.mexicodestinos.com\/ciudad-de-mexico\/tours\/basilica-de-guadalupe.html?utm_source=Blog-MD&amp;utm_medium=Post-Las-Mananitas&amp;utm_campaign=Tour-Basilica-de-Guadalupe\">Bas\u00edlica de Guadalupe<\/a>, ubicada a unos 30 minutos del Z\u00f3calo de <a href=\"https:\/\/www.mexicodestinos.com\/blog\/7-lugares-para-visitar-cerca-de-la-cdmx\/\">CDMX<\/a>, para llevar su serenata y esperar a que den las 12 de la noche para cantarle sus ma\u00f1anitas a la virgencita.<\/p>\n<p>Otro detalle, no menos importante, que identifica ese sentido de pertenencia de las ma\u00f1anitas con M\u00e9xico es el significado que le otorga <a href=\"https:\/\/dle.rae.es\/ma%C3%B1anita?m=form\">la RAE que la define como<\/a> \u201cComposici\u00f3n musical mexicana, en comp\u00e1s de tres por cuatro, que se le canta a alguien con ocasi\u00f3n de su cumplea\u00f1os\u201d.<\/p>\n<p><img decoding=\"async\" class=\"alignnone size-medium wp-image-32548\" src=\"https:\/\/www.mexicodestinos.com\/blog\/wp-content\/uploads\/2022\/11\/Basilica-300x200.jpg\" alt=\"\" width=\"300\" height=\"200\" srcset=\"https:\/\/www.mexicodestinos.com\/blog\/wp-content\/uploads\/2022\/11\/Basilica-300x200.jpg 300w, https:\/\/www.mexicodestinos.com\/blog\/wp-content\/uploads\/2022\/11\/Basilica-630x420.jpg 630w, https:\/\/www.mexicodestinos.com\/blog\/wp-content\/uploads\/2022\/11\/Basilica-768x512.jpg 768w, https:\/\/www.mexicodestinos.com\/blog\/wp-content\/uploads\/2022\/11\/Basilica.jpg 800w\" sizes=\"(max-width: 300px) 100vw, 300px\" \/>&nbsp; &nbsp; &nbsp; &nbsp; <img decoding=\"async\" class=\"alignnone size-medium wp-image-32549\" src=\"https:\/\/www.mexicodestinos.com\/blog\/wp-content\/uploads\/2022\/11\/Virden-de-Guadalupe-300x200.jpg\" alt=\"\" width=\"300\" height=\"200\" srcset=\"https:\/\/www.mexicodestinos.com\/blog\/wp-content\/uploads\/2022\/11\/Virden-de-Guadalupe-300x200.jpg 300w, https:\/\/www.mexicodestinos.com\/blog\/wp-content\/uploads\/2022\/11\/Virden-de-Guadalupe-630x420.jpg 630w, https:\/\/www.mexicodestinos.com\/blog\/wp-content\/uploads\/2022\/11\/Virden-de-Guadalupe-768x512.jpg 768w, https:\/\/www.mexicodestinos.com\/blog\/wp-content\/uploads\/2022\/11\/Virden-de-Guadalupe.jpg 800w\" sizes=\"(max-width: 300px) 100vw, 300px\" \/><\/p>\n<h2>\u00bfCu\u00e1l es el origen de Las Ma\u00f1anitas Mexicanas?<\/h2>\n<p>Aunque est\u00e1 arraigada como parte de las tradiciones mexicanas m\u00e1s famosas, hay que decir que no hay certezas sobre el origen de Las Ma\u00f1anitas, por lo que se considera desconocido.<\/p>\n<p>No obstante, existe una hip\u00f3tesis que la relaciona con el g\u00e9nero de la romanza que se entonaba en las juder\u00edas sefard\u00edes de la Espa\u00f1a medieval y que llegar\u00eda a M\u00e9xico de la mano de los colonizadores que utilizaron el romance como un instrumento para evangelizar.<\/p>\n<p>Despu\u00e9s de la Independencia surge el g\u00e9nero de Las Ma\u00f1anitas, con un estilo \u201ccorrido\u201d y algunos matices de los legados espa\u00f1oles.<\/p>\n<p>Pero ah\u00ed no termina la historia\u2026<\/p>\n<p>Las Ma\u00f1anitas fueron evolucionando y tomando cuerpo, se dice que, en los inicios del siglo XX, fue Manuel M. Ponce, fundador del nacionalismo musical mexicano, quien escribe algunas versiones que se adicionan a la melod\u00eda, siendo ese el origen de Las Ma\u00f1anitas Mexicanas.<\/p>\n<p>Pasados unos a\u00f1os y superando algunas cr\u00edticas, las versiones se fueron ajustando a lo que es hoy, un s\u00edmbolo de la identidad mexicana en el pa\u00eds y en el mundo.<\/p>\n<p><img decoding=\"async\" class=\"aligncenter wp-image-32554 size-large\" src=\"https:\/\/www.mexicodestinos.com\/blog\/wp-content\/uploads\/2022\/11\/ninos-630x420.jpg\" alt=\"\" width=\"630\" height=\"420\" srcset=\"https:\/\/www.mexicodestinos.com\/blog\/wp-content\/uploads\/2022\/11\/ninos-630x420.jpg 630w, https:\/\/www.mexicodestinos.com\/blog\/wp-content\/uploads\/2022\/11\/ninos-300x200.jpg 300w, https:\/\/www.mexicodestinos.com\/blog\/wp-content\/uploads\/2022\/11\/ninos-768x512.jpg 768w, https:\/\/www.mexicodestinos.com\/blog\/wp-content\/uploads\/2022\/11\/ninos.jpg 800w\" sizes=\"(max-width: 630px) 100vw, 630px\" \/><\/p>\n<h3>Versiones de Las Ma\u00f1anitas<\/h3>\n<p>Algunas de las versiones de Las Ma\u00f1anitas m\u00e1s reconocidas en M\u00e9xico son las interpretadas por prestigiosos cantantes como Jorge Negrete, Pedro Infante, Vicente Fern\u00e1ndez, Ana Gabriel, Thal\u00eda, entre muchos otros representantes de la m\u00fasica mexicana.<\/p>\n<p>Hay datos que revelan que Las Ma\u00f1anitas cantadas por Pedro Infante tienen la versi\u00f3n m\u00e1s vendida, con m\u00e1s de 20 millones de copias.<\/p>\n<p>Tambi\u00e9n est\u00e1n otras versiones como la de Cepill\u00edn y tambi\u00e9n tenemos una versi\u00f3n rockera que canta Roger Waters con la m\u00fasica de un tema de Pink Floyd.<\/p>\n<p>Disfruta de todos los estilos musicales, la versi\u00f3n mariachi es un cl\u00e1sico en Garibaldi, las ma\u00f1anitas en versi\u00f3n ranchera tambi\u00e9n est\u00e1n entre las m\u00e1s solicitadas, las opciones para los ni\u00f1os no pueden faltar e incluso hay versi\u00f3n estilo banda, tu decides cu\u00e1l entonar.<\/p>\n<p><img decoding=\"async\" class=\"aligncenter wp-image-32555 size-large\" src=\"https:\/\/www.mexicodestinos.com\/blog\/wp-content\/uploads\/2022\/11\/Pedro-infante-630x420.jpg\" alt=\"Las ma\u00f1anitas\" width=\"630\" height=\"420\" srcset=\"https:\/\/www.mexicodestinos.com\/blog\/wp-content\/uploads\/2022\/11\/Pedro-infante-630x420.jpg 630w, https:\/\/www.mexicodestinos.com\/blog\/wp-content\/uploads\/2022\/11\/Pedro-infante-300x200.jpg 300w, https:\/\/www.mexicodestinos.com\/blog\/wp-content\/uploads\/2022\/11\/Pedro-infante-768x512.jpg 768w, https:\/\/www.mexicodestinos.com\/blog\/wp-content\/uploads\/2022\/11\/Pedro-infante.jpg 800w\" sizes=\"(max-width: 630px) 100vw, 630px\" \/><\/p>\n<p style=\"text-align: center\">Foto: El informador<\/p>\n<h2>Mejores destinos para celebrar tu cumplea\u00f1os<\/h2>\n<h3><a href=\"https:\/\/www.mexicodestinos.com\/destinos\/playas?utm_source=Blog-MD&amp;utm_medium=Post-Las-Mananitas&amp;utm_campaign=Destinos-Playas\">La Playa<\/a><\/h3>\n<p>Somos muchos los que elegimos la playa y es que estar junto al mar, disfrutando del sol en un camastro, con el sonido de las olas y un coco fr\u00edo o un rico coctelito, es una incre\u00edble forma de consentirse.<\/p>\n<p>Para una celebraci\u00f3n especial como un cumplea\u00f1os te proponemos una escapada a la hermosa isla de <a href=\"https:\/\/www.mexicodestinos.com\/holbox?utm_source=Blog-MD&amp;utm_medium=Post-Las-Mananitas&amp;utm_campaign=Destino-Holbox\">Holbox<\/a>, un lugar donde disfrutar la belleza del Caribe como m\u00e1s se te antoje. Una sugerencia para esa ocasi\u00f3n especial, an\u00edmate a visitar Isla Contoy, un para\u00edso que te fascinar\u00e1.<\/p>\n<p>La segunda propuesta es del lado del Pac\u00edfico, agenda un viaje a <a href=\"https:\/\/www.mexicodestinos.com\/costa-careyes?utm_source=Blog-MD&amp;utm_medium=Post-Las-Mananitas&amp;utm_campaign=Destino-Costa-Careyes\">Costa Careyes<\/a> al sur del estado de Jalisco, un destino m\u00e1gico y lleno de paz que te sorprender\u00e1.<\/p>\n<p><img decoding=\"async\" class=\"aligncenter wp-image-32550 size-large\" src=\"https:\/\/www.mexicodestinos.com\/blog\/wp-content\/uploads\/2022\/11\/las-mananitas-630x420.jpg\" alt=\"Las ma\u00f1anitas\" width=\"630\" height=\"420\" srcset=\"https:\/\/www.mexicodestinos.com\/blog\/wp-content\/uploads\/2022\/11\/las-mananitas-630x420.jpg 630w, https:\/\/www.mexicodestinos.com\/blog\/wp-content\/uploads\/2022\/11\/las-mananitas-300x200.jpg 300w, https:\/\/www.mexicodestinos.com\/blog\/wp-content\/uploads\/2022\/11\/las-mananitas-768x512.jpg 768w, https:\/\/www.mexicodestinos.com\/blog\/wp-content\/uploads\/2022\/11\/las-mananitas.jpg 800w\" sizes=\"(max-width: 630px) 100vw, 630px\" \/><\/p>\n<h3>Las Monta\u00f1as<\/h3>\n<p><a href=\"https:\/\/www.mexicodestinos.com\/chihuahua\/lugares?utm_source=Blog-MD&amp;utm_medium=Post-Las-Mananitas&amp;utm_campaign=Lugares-Chihuahua\">Creel<\/a> es el elegido como el destino ideal para una celebraci\u00f3n de cumplea\u00f1os en la monta\u00f1a; disfruta de un viaje en el tren El Chepe hasta el destino, al\u00f3jate en una bonita caba\u00f1a y no te pierdas las Barrancas del Cobre, una experiencia que te mereces disfrutar.<\/p>\n<p><img decoding=\"async\" class=\"aligncenter wp-image-32551 size-large\" src=\"https:\/\/www.mexicodestinos.com\/blog\/wp-content\/uploads\/2022\/11\/Montana-630x420.jpg\" alt=\"\" width=\"630\" height=\"420\" srcset=\"https:\/\/www.mexicodestinos.com\/blog\/wp-content\/uploads\/2022\/11\/Montana-630x420.jpg 630w, https:\/\/www.mexicodestinos.com\/blog\/wp-content\/uploads\/2022\/11\/Montana-300x200.jpg 300w, https:\/\/www.mexicodestinos.com\/blog\/wp-content\/uploads\/2022\/11\/Montana-768x512.jpg 768w, https:\/\/www.mexicodestinos.com\/blog\/wp-content\/uploads\/2022\/11\/Montana.jpg 800w\" sizes=\"(max-width: 630px) 100vw, 630px\" \/><\/p>\n<h3>La Selva<\/h3>\n<p>Para una aventura cumplea\u00f1era en un entorno natural fascinante, te recomendamos la selva maya, an\u00edmate a conocer Palenque y sus alrededores.<\/p>\n<p>Entre las propuestas de ese hermoso viaje tendr\u00e1s una imponente Zona Arqueol\u00f3gica y no dejes de visitar las <a href=\"https:\/\/www.mexicodestinos.com\/chiapas\/tours\/tour-agua-azul-misol-ha-y-ruinas-de-palenque.html?utm_source=Blog-MD&amp;utm_medium=Post-Las-Mananitas&amp;utm_campaign=Tour-Agua-Azul-Misol-Ha-y-Ruinas-de-Palenque\">Cascadas de Agua Azul y la Cascada de Misol H\u00e1<\/a>, dos sitios que te encantar\u00e1n.<\/p>\n<p><img decoding=\"async\" class=\"aligncenter wp-image-32552 size-large\" src=\"https:\/\/www.mexicodestinos.com\/blog\/wp-content\/uploads\/2022\/11\/selva-630x420.jpg\" alt=\"Las ma\u00f1anitas\" width=\"630\" height=\"420\" srcset=\"https:\/\/www.mexicodestinos.com\/blog\/wp-content\/uploads\/2022\/11\/selva-630x420.jpg 630w, https:\/\/www.mexicodestinos.com\/blog\/wp-content\/uploads\/2022\/11\/selva-300x200.jpg 300w, https:\/\/www.mexicodestinos.com\/blog\/wp-content\/uploads\/2022\/11\/selva-768x512.jpg 768w, https:\/\/www.mexicodestinos.com\/blog\/wp-content\/uploads\/2022\/11\/selva.jpg 800w\" sizes=\"(max-width: 630px) 100vw, 630px\" \/><\/p>\n<h3>La Ciudad<\/h3>\n<p>Si vives en la playa, en la selva o en la monta\u00f1a y quieres cambiar de aire, consi\u00e9ntete con un viaje a alguna de las m\u00e1s bellas ciudades de M\u00e9xico; <a href=\"https:\/\/www.mexicodestinos.com\/ciudad-de-mexico?utm_source=Blog-MD&amp;utm_medium=Post-Las-Mananitas&amp;utm_campaign=Destino-CDMX\">Ciudad de M\u00e9xico<\/a> sin dudas es una buena opci\u00f3n, la cantidad de cosas que puedes hacer en ese destino es impresionante y seguro encontrar\u00e1s muy r\u00e1pido la manera de pasarla genial.<\/p>\n<p><a href=\"https:\/\/www.mexicodestinos.com\/oaxaca\/hoteles?utm_source=Blog-MD&amp;utm_medium=Post-Las-Mananitas&amp;utm_campaign=Hoteles-Oaxaca\">Oaxaca<\/a>, <a href=\"https:\/\/paquetes.mexicodestinos.com\/ofertas-especiales\/paquetes-a-monterrey?utm_source=Blog-MD&amp;utm_medium=Post-Las-Mananitas&amp;utm_campaign=Paquetes-Monterrey\">Monterrey<\/a>, <a href=\"https:\/\/www.mexicodestinos.com\/guadalajara?utm_source=Blog-MD&amp;utm_medium=Post-Las-Mananitas&amp;utm_campaign=Destino-Guadalajara\">Guadalajara<\/a> tambi\u00e9n tienen lo suyo, elige por cu\u00e1l empezar y anota las pr\u00f3ximas en tu agenda de sitios por conocer y disfrutar y pide de deseo de cumplea\u00f1os una visita a cada lugar, es un excelente plan\u2026<\/p>\n","protected":false},"excerpt":{"rendered":"<p>En este post \u201cLas ma\u00f1anitas y su origen\u201d vamos a descubrir una de las m\u00e1s bellas tradiciones mexicanas presentes no solo en M\u00e9xico sino en el mundo\u2026 Cuando pensamos en M\u00e9xico lo podemos asociar a varios emblemas, los tacos, las pi\u00f1atas, los mariachis, el tequila, las playas del Caribe o en el Pac\u00edfico, la cosmopolita &#8230; <a title=\"Las ma\u00f1anitas y su origen\" class=\"read-more\" href=\"https:\/\/www.mexicodestinos.com\/blog\/las-mananitas-y-su-origen\/\" aria-label=\"Leer m\u00e1s sobre Las ma\u00f1anitas y su origen\">Leer m\u00e1s<\/a><\/p>\n","protected":false},"author":44,"featured_media":32557,"comment_status":"open","ping_status":"open","sticky":false,"template":"","format":"standard","meta":{"_joinchat":[],"footnotes":""},"categories":[831],"tags":[],"class_list":["post-32544","post","type-post","status-publish","format-standard","has-post-thumbnail","hentry","category-tradiciones-y-fiestas-mexicanas"],"yoast_head":"<!-- This site is optimized with the Yoast SEO plugin v24.6 - https:\/\/yoast.com\/wordpress\/plugins\/seo\/ -->\n<title>Las ma\u00f1anitas mexicanas y su origen<\/title>\n<meta name=\"description\" content=\"Las Ma\u00f1anitas mexicanas adquieren un valor especial llegando diciembre, conoce el por qu\u00e9 de esta hermosa tradici\u00f3n y entiende su sentir...\" \/>\n<meta name=\"robots\" content=\"index, follow, max-snippet:-1, max-image-preview:large, max-video-preview:-1\" \/>\n<link rel=\"canonical\" href=\"https:\/\/www.mexicodestinos.com\/blog\/las-mananitas-y-su-origen\/\" \/>\n<meta property=\"og:locale\" content=\"es_MX\" \/>\n<meta property=\"og:type\" content=\"article\" \/>\n<meta property=\"og:title\" content=\"Las ma\u00f1anitas y su origen\" \/>\n<meta property=\"og:description\" content=\"Las Ma\u00f1anitas mexicanas adquieren un valor especial llegando diciembre, conoce el por qu\u00e9 de esta hermosa tradici\u00f3n y entiende su sentir...\" \/>\n<meta property=\"og:url\" content=\"https:\/\/www.mexicodestinos.com\/blog\/las-mananitas-y-su-origen\/\" \/>\n<meta property=\"og:site_name\" content=\"Blog de Viajes &amp; Turismo en M\u00e9xico\" \/>\n<meta property=\"article:publisher\" content=\"https:\/\/www.facebook.com\/MexicoDestinos\" \/>\n<meta property=\"article:published_time\" content=\"2022-12-01T01:03:27+00:00\" \/>\n<meta property=\"article:modified_time\" content=\"2022-12-13T16:28:25+00:00\" \/>\n<meta property=\"og:image\" content=\"https:\/\/www.mexicodestinos.com\/blog\/wp-content\/uploads\/2022\/11\/destacada-4.jpg\" \/>\n\t<meta property=\"og:image:width\" content=\"1280\" \/>\n\t<meta property=\"og:image:height\" content=\"720\" \/>\n\t<meta property=\"og:image:type\" content=\"image\/jpeg\" \/>\n<meta name=\"author\" content=\"Flor Bazan Avila\" \/>\n<meta name=\"twitter:card\" content=\"summary_large_image\" \/>\n<meta name=\"twitter:title\" content=\"Las ma\u00f1anitas y su origen\" \/>\n<meta name=\"twitter:description\" content=\"Las Ma\u00f1anitas mexicanas adquieren un valor especial llegando diciembre, conoce el por qu\u00e9 de esta hermosa tradici\u00f3n y entiende su sentir...\" \/>\n<meta name=\"twitter:image\" content=\"https:\/\/www.mexicodestinos.com\/blog\/wp-content\/uploads\/2022\/11\/destacada-4.jpg\" \/>\n<meta name=\"twitter:creator\" content=\"@mexicodestinos\" \/>\n<meta name=\"twitter:site\" content=\"@mexicodestinos\" \/>\n<meta name=\"twitter:label1\" content=\"Escrito por\" \/>\n\t<meta name=\"twitter:data1\" content=\"Flor Bazan Avila\" \/>\n\t<meta name=\"twitter:label2\" content=\"Tiempo de lectura\" \/>\n\t<meta name=\"twitter:data2\" content=\"6 minutos\" \/>\n<script type=\"application\/ld+json\" class=\"yoast-schema-graph\">{\"@context\":\"https:\/\/schema.org\",\"@graph\":[{\"@type\":\"Article\",\"@id\":\"https:\/\/www.mexicodestinos.com\/blog\/las-mananitas-y-su-origen\/#article\",\"isPartOf\":{\"@id\":\"https:\/\/www.mexicodestinos.com\/blog\/las-mananitas-y-su-origen\/\"},\"author\":{\"name\":\"Flor Bazan Avila\",\"@id\":\"https:\/\/www.mexicodestinos.com\/blog\/#\/schema\/person\/92da5fdec247f397189bf0e84b4116d9\"},\"headline\":\"Las ma\u00f1anitas y su origen\",\"datePublished\":\"2022-12-01T01:03:27+00:00\",\"dateModified\":\"2022-12-13T16:28:25+00:00\",\"mainEntityOfPage\":{\"@id\":\"https:\/\/www.mexicodestinos.com\/blog\/las-mananitas-y-su-origen\/\"},\"wordCount\":1072,\"commentCount\":0,\"publisher\":{\"@id\":\"https:\/\/www.mexicodestinos.com\/blog\/#organization\"},\"image\":{\"@id\":\"https:\/\/www.mexicodestinos.com\/blog\/las-mananitas-y-su-origen\/#primaryimage\"},\"thumbnailUrl\":\"https:\/\/www.mexicodestinos.com\/blog\/wp-content\/uploads\/2022\/11\/destacada-4.jpg\",\"articleSection\":[\"Tradiciones y Fiestas Mexicanas\"],\"inLanguage\":\"es\",\"potentialAction\":[{\"@type\":\"CommentAction\",\"name\":\"Comment\",\"target\":[\"https:\/\/www.mexicodestinos.com\/blog\/las-mananitas-y-su-origen\/#respond\"]}]},{\"@type\":\"WebPage\",\"@id\":\"https:\/\/www.mexicodestinos.com\/blog\/las-mananitas-y-su-origen\/\",\"url\":\"https:\/\/www.mexicodestinos.com\/blog\/las-mananitas-y-su-origen\/\",\"name\":\"Las ma\u00f1anitas mexicanas y su origen\",\"isPartOf\":{\"@id\":\"https:\/\/www.mexicodestinos.com\/blog\/#website\"},\"primaryImageOfPage\":{\"@id\":\"https:\/\/www.mexicodestinos.com\/blog\/las-mananitas-y-su-origen\/#primaryimage\"},\"image\":{\"@id\":\"https:\/\/www.mexicodestinos.com\/blog\/las-mananitas-y-su-origen\/#primaryimage\"},\"thumbnailUrl\":\"https:\/\/www.mexicodestinos.com\/blog\/wp-content\/uploads\/2022\/11\/destacada-4.jpg\",\"datePublished\":\"2022-12-01T01:03:27+00:00\",\"dateModified\":\"2022-12-13T16:28:25+00:00\",\"description\":\"Las Ma\u00f1anitas mexicanas adquieren un valor especial llegando diciembre, conoce el por qu\u00e9 de esta hermosa tradici\u00f3n y entiende su sentir...\",\"breadcrumb\":{\"@id\":\"https:\/\/www.mexicodestinos.com\/blog\/las-mananitas-y-su-origen\/#breadcrumb\"},\"inLanguage\":\"es\",\"potentialAction\":[{\"@type\":\"ReadAction\",\"target\":[\"https:\/\/www.mexicodestinos.com\/blog\/las-mananitas-y-su-origen\/\"]}]},{\"@type\":\"ImageObject\",\"inLanguage\":\"es\",\"@id\":\"https:\/\/www.mexicodestinos.com\/blog\/las-mananitas-y-su-origen\/#primaryimage\",\"url\":\"https:\/\/www.mexicodestinos.com\/blog\/wp-content\/uploads\/2022\/11\/destacada-4.jpg\",\"contentUrl\":\"https:\/\/www.mexicodestinos.com\/blog\/wp-content\/uploads\/2022\/11\/destacada-4.jpg\",\"width\":1280,\"height\":720},{\"@type\":\"BreadcrumbList\",\"@id\":\"https:\/\/www.mexicodestinos.com\/blog\/las-mananitas-y-su-origen\/#breadcrumb\",\"itemListElement\":[{\"@type\":\"ListItem\",\"position\":1,\"name\":\"Blog\",\"item\":\"https:\/\/www.mexicodestinos.com\/blog\/\"},{\"@type\":\"ListItem\",\"position\":2,\"name\":\"Visita M\u00e9xico\",\"item\":\"https:\/\/www.mexicodestinos.com\/blog\/visita-mexico\/\"},{\"@type\":\"ListItem\",\"position\":3,\"name\":\"Tradiciones y Fiestas Mexicanas\",\"item\":\"https:\/\/www.mexicodestinos.com\/blog\/visita-mexico\/tradiciones-y-fiestas-mexicanas\/\"},{\"@type\":\"ListItem\",\"position\":4,\"name\":\"Las ma\u00f1anitas y su origen\"}]},{\"@type\":\"WebSite\",\"@id\":\"https:\/\/www.mexicodestinos.com\/blog\/#website\",\"url\":\"https:\/\/www.mexicodestinos.com\/blog\/\",\"name\":\"Blog de Viajes &amp; Turismo en M\u00e9xico\",\"description\":\"| M\u00e9xicoDestinos.com\",\"publisher\":{\"@id\":\"https:\/\/www.mexicodestinos.com\/blog\/#organization\"},\"potentialAction\":[{\"@type\":\"SearchAction\",\"target\":{\"@type\":\"EntryPoint\",\"urlTemplate\":\"https:\/\/www.mexicodestinos.com\/blog\/?s={search_term_string}\"},\"query-input\":{\"@type\":\"PropertyValueSpecification\",\"valueRequired\":true,\"valueName\":\"search_term_string\"}}],\"inLanguage\":\"es\"},{\"@type\":\"Organization\",\"@id\":\"https:\/\/www.mexicodestinos.com\/blog\/#organization\",\"name\":\"M\u00e9xicoDestinos.com\",\"url\":\"https:\/\/www.mexicodestinos.com\/blog\/\",\"logo\":{\"@type\":\"ImageObject\",\"inLanguage\":\"es\",\"@id\":\"https:\/\/www.mexicodestinos.com\/blog\/#\/schema\/logo\/image\/\",\"url\":\"https:\/\/www.mexicodestinos.com\/blog\/wp-content\/uploads\/2015\/08\/logo2.png\",\"contentUrl\":\"https:\/\/www.mexicodestinos.com\/blog\/wp-content\/uploads\/2015\/08\/logo2.png\",\"width\":\"201\",\"height\":\"40\",\"caption\":\"M\u00e9xicoDestinos.com\"},\"image\":{\"@id\":\"https:\/\/www.mexicodestinos.com\/blog\/#\/schema\/logo\/image\/\"},\"sameAs\":[\"https:\/\/www.facebook.com\/MexicoDestinos\",\"https:\/\/x.com\/mexicodestinos\",\"https:\/\/instagram.com\/mexicodestinos\/\",\"https:\/\/www.linkedin.com\/company\/m-xicodestinos.com\",\"https:\/\/es.pinterest.com\/mexicodestinos\/\",\"https:\/\/www.youtube.com\/user\/mexicodestinos\"]},{\"@type\":\"Person\",\"@id\":\"https:\/\/www.mexicodestinos.com\/blog\/#\/schema\/person\/92da5fdec247f397189bf0e84b4116d9\",\"name\":\"Flor Bazan Avila\",\"image\":{\"@type\":\"ImageObject\",\"inLanguage\":\"es\",\"@id\":\"https:\/\/www.mexicodestinos.com\/blog\/#\/schema\/person\/image\/\",\"url\":\"https:\/\/secure.gravatar.com\/avatar\/519c89a3d74db9390facd7002a926d7d?s=96&r=g\",\"contentUrl\":\"https:\/\/secure.gravatar.com\/avatar\/519c89a3d74db9390facd7002a926d7d?s=96&r=g\",\"caption\":\"Flor Bazan Avila\"},\"url\":\"https:\/\/www.mexicodestinos.com\/blog\/author\/florencia\/\"}]}<\/script>\n<!-- \/ Yoast SEO plugin. -->","yoast_head_json":{"title":"Las ma\u00f1anitas mexicanas y su origen","description":"Las Ma\u00f1anitas mexicanas adquieren un valor especial llegando diciembre, conoce el por qu\u00e9 de esta hermosa tradici\u00f3n y entiende su sentir...","robots":{"index":"index","follow":"follow","max-snippet":"max-snippet:-1","max-image-preview":"max-image-preview:large","max-video-preview":"max-video-preview:-1"},"canonical":"https:\/\/www.mexicodestinos.com\/blog\/las-mananitas-y-su-origen\/","og_locale":"es_MX","og_type":"article","og_title":"Las ma\u00f1anitas y su origen","og_description":"Las Ma\u00f1anitas mexicanas adquieren un valor especial llegando diciembre, conoce el por qu\u00e9 de esta hermosa tradici\u00f3n y entiende su sentir...","og_url":"https:\/\/www.mexicodestinos.com\/blog\/las-mananitas-y-su-origen\/","og_site_name":"Blog de Viajes &amp; Turismo en M\u00e9xico","article_publisher":"https:\/\/www.facebook.com\/MexicoDestinos","article_published_time":"2022-12-01T01:03:27+00:00","article_modified_time":"2022-12-13T16:28:25+00:00","og_image":[{"width":1280,"height":720,"url":"https:\/\/www.mexicodestinos.com\/blog\/wp-content\/uploads\/2022\/11\/destacada-4.jpg","type":"image\/jpeg"}],"author":"Flor Bazan Avila","twitter_card":"summary_large_image","twitter_title":"Las ma\u00f1anitas y su origen","twitter_description":"Las Ma\u00f1anitas mexicanas adquieren un valor especial llegando diciembre, conoce el por qu\u00e9 de esta hermosa tradici\u00f3n y entiende su sentir...","twitter_image":"https:\/\/www.mexicodestinos.com\/blog\/wp-content\/uploads\/2022\/11\/destacada-4.jpg","twitter_creator":"@mexicodestinos","twitter_site":"@mexicodestinos","twitter_misc":{"Escrito por":"Flor Bazan Avila","Tiempo de lectura":"6 minutos"},"schema":{"@context":"https:\/\/schema.org","@graph":[{"@type":"Article","@id":"https:\/\/www.mexicodestinos.com\/blog\/las-mananitas-y-su-origen\/#article","isPartOf":{"@id":"https:\/\/www.mexicodestinos.com\/blog\/las-mananitas-y-su-origen\/"},"author":{"name":"Flor Bazan Avila","@id":"https:\/\/www.mexicodestinos.com\/blog\/#\/schema\/person\/92da5fdec247f397189bf0e84b4116d9"},"headline":"Las ma\u00f1anitas y su origen","datePublished":"2022-12-01T01:03:27+00:00","dateModified":"2022-12-13T16:28:25+00:00","mainEntityOfPage":{"@id":"https:\/\/www.mexicodestinos.com\/blog\/las-mananitas-y-su-origen\/"},"wordCount":1072,"commentCount":0,"publisher":{"@id":"https:\/\/www.mexicodestinos.com\/blog\/#organization"},"image":{"@id":"https:\/\/www.mexicodestinos.com\/blog\/las-mananitas-y-su-origen\/#primaryimage"},"thumbnailUrl":"https:\/\/www.mexicodestinos.com\/blog\/wp-content\/uploads\/2022\/11\/destacada-4.jpg","articleSection":["Tradiciones y Fiestas Mexicanas"],"inLanguage":"es","potentialAction":[{"@type":"CommentAction","name":"Comment","target":["https:\/\/www.mexicodestinos.com\/blog\/las-mananitas-y-su-origen\/#respond"]}]},{"@type":"WebPage","@id":"https:\/\/www.mexicodestinos.com\/blog\/las-mananitas-y-su-origen\/","url":"https:\/\/www.mexicodestinos.com\/blog\/las-mananitas-y-su-origen\/","name":"Las ma\u00f1anitas mexicanas y su origen","isPartOf":{"@id":"https:\/\/www.mexicodestinos.com\/blog\/#website"},"primaryImageOfPage":{"@id":"https:\/\/www.mexicodestinos.com\/blog\/las-mananitas-y-su-origen\/#primaryimage"},"image":{"@id":"https:\/\/www.mexicodestinos.com\/blog\/las-mananitas-y-su-origen\/#primaryimage"},"thumbnailUrl":"https:\/\/www.mexicodestinos.com\/blog\/wp-content\/uploads\/2022\/11\/destacada-4.jpg","datePublished":"2022-12-01T01:03:27+00:00","dateModified":"2022-12-13T16:28:25+00:00","description":"Las Ma\u00f1anitas mexicanas adquieren un valor especial llegando diciembre, conoce el por qu\u00e9 de esta hermosa tradici\u00f3n y entiende su sentir...","breadcrumb":{"@id":"https:\/\/www.mexicodestinos.com\/blog\/las-mananitas-y-su-origen\/#breadcrumb"},"inLanguage":"es","potentialAction":[{"@type":"ReadAction","target":["https:\/\/www.mexicodestinos.com\/blog\/las-mananitas-y-su-origen\/"]}]},{"@type":"ImageObject","inLanguage":"es","@id":"https:\/\/www.mexicodestinos.com\/blog\/las-mananitas-y-su-origen\/#primaryimage","url":"https:\/\/www.mexicodestinos.com\/blog\/wp-content\/uploads\/2022\/11\/destacada-4.jpg","contentUrl":"https:\/\/www.mexicodestinos.com\/blog\/wp-content\/uploads\/2022\/11\/destacada-4.jpg","width":1280,"height":720},{"@type":"BreadcrumbList","@id":"https:\/\/www.mexicodestinos.com\/blog\/las-mananitas-y-su-origen\/#breadcrumb","itemListElement":[{"@type":"ListItem","position":1,"name":"Blog","item":"https:\/\/www.mexicodestinos.com\/blog\/"},{"@type":"ListItem","position":2,"name":"Visita M\u00e9xico","item":"https:\/\/www.mexicodestinos.com\/blog\/visita-mexico\/"},{"@type":"ListItem","position":3,"name":"Tradiciones y Fiestas Mexicanas","item":"https:\/\/www.mexicodestinos.com\/blog\/visita-mexico\/tradiciones-y-fiestas-mexicanas\/"},{"@type":"ListItem","position":4,"name":"Las ma\u00f1anitas y su origen"}]},{"@type":"WebSite","@id":"https:\/\/www.mexicodestinos.com\/blog\/#website","url":"https:\/\/www.mexicodestinos.com\/blog\/","name":"Blog de Viajes &amp; Turismo en M\u00e9xico","description":"| M\u00e9xicoDestinos.com","publisher":{"@id":"https:\/\/www.mexicodestinos.com\/blog\/#organization"},"potentialAction":[{"@type":"SearchAction","target":{"@type":"EntryPoint","urlTemplate":"https:\/\/www.mexicodestinos.com\/blog\/?s={search_term_string}"},"query-input":{"@type":"PropertyValueSpecification","valueRequired":true,"valueName":"search_term_string"}}],"inLanguage":"es"},{"@type":"Organization","@id":"https:\/\/www.mexicodestinos.com\/blog\/#organization","name":"M\u00e9xicoDestinos.com","url":"https:\/\/www.mexicodestinos.com\/blog\/","logo":{"@type":"ImageObject","inLanguage":"es","@id":"https:\/\/www.mexicodestinos.com\/blog\/#\/schema\/logo\/image\/","url":"https:\/\/www.mexicodestinos.com\/blog\/wp-content\/uploads\/2015\/08\/logo2.png","contentUrl":"https:\/\/www.mexicodestinos.com\/blog\/wp-content\/uploads\/2015\/08\/logo2.png","width":"201","height":"40","caption":"M\u00e9xicoDestinos.com"},"image":{"@id":"https:\/\/www.mexicodestinos.com\/blog\/#\/schema\/logo\/image\/"},"sameAs":["https:\/\/www.facebook.com\/MexicoDestinos","https:\/\/x.com\/mexicodestinos","https:\/\/instagram.com\/mexicodestinos\/","https:\/\/www.linkedin.com\/company\/m-xicodestinos.com","https:\/\/es.pinterest.com\/mexicodestinos\/","https:\/\/www.youtube.com\/user\/mexicodestinos"]},{"@type":"Person","@id":"https:\/\/www.mexicodestinos.com\/blog\/#\/schema\/person\/92da5fdec247f397189bf0e84b4116d9","name":"Flor Bazan Avila","image":{"@type":"ImageObject","inLanguage":"es","@id":"https:\/\/www.mexicodestinos.com\/blog\/#\/schema\/person\/image\/","url":"https:\/\/secure.gravatar.com\/avatar\/519c89a3d74db9390facd7002a926d7d?s=96&r=g","contentUrl":"https:\/\/secure.gravatar.com\/avatar\/519c89a3d74db9390facd7002a926d7d?s=96&r=g","caption":"Flor Bazan Avila"},"url":"https:\/\/www.mexicodestinos.com\/blog\/author\/florencia\/"}]}},"_links":{"self":[{"href":"https:\/\/www.mexicodestinos.com\/blog\/wp-json\/wp\/v2\/posts\/32544","targetHints":{"allow":["GET"]}}],"collection":[{"href":"https:\/\/www.mexicodestinos.com\/blog\/wp-json\/wp\/v2\/posts"}],"about":[{"href":"https:\/\/www.mexicodestinos.com\/blog\/wp-json\/wp\/v2\/types\/post"}],"author":[{"embeddable":true,"href":"https:\/\/www.mexicodestinos.com\/blog\/wp-json\/wp\/v2\/users\/44"}],"replies":[{"embeddable":true,"href":"https:\/\/www.mexicodestinos.com\/blog\/wp-json\/wp\/v2\/comments?post=32544"}],"version-history":[{"count":21,"href":"https:\/\/www.mexicodestinos.com\/blog\/wp-json\/wp\/v2\/posts\/32544\/revisions"}],"predecessor-version":[{"id":32685,"href":"https:\/\/www.mexicodestinos.com\/blog\/wp-json\/wp\/v2\/posts\/32544\/revisions\/32685"}],"wp:featuredmedia":[{"embeddable":true,"href":"https:\/\/www.mexicodestinos.com\/blog\/wp-json\/wp\/v2\/media\/32557"}],"wp:attachment":[{"href":"https:\/\/www.mexicodestinos.com\/blog\/wp-json\/wp\/v2\/media?parent=32544"}],"wp:term":[{"taxonomy":"category","embeddable":true,"href":"https:\/\/www.mexicodestinos.com\/blog\/wp-json\/wp\/v2\/categories?post=32544"},{"taxonomy":"post_tag","embeddable":true,"href":"https:\/\/www.mexicodestinos.com\/blog\/wp-json\/wp\/v2\/tags?post=32544"}],"curies":[{"name":"wp","href":"https:\/\/api.w.org\/{rel}","templated":true}]}}